{"id":4150,"date":"2021-10-06T20:50:32","date_gmt":"2021-10-06T19:50:32","guid":{"rendered":"https:\/\/brands.com.tn\/fr\/?p=4150"},"modified":"2021-10-06T20:50:36","modified_gmt":"2021-10-06T19:50:36","slug":"banque-centrale-de-tunisie-exprime-sa-profonde-preoccupation-face-a-la-situation-financiere-critique","status":"publish","type":"post","link":"http:\/\/brands.com.tn\/fr\/2021\/10\/06\/banque-centrale-de-tunisie-exprime-sa-profonde-preoccupation-face-a-la-situation-financiere-critique\/","title":{"rendered":"Banque centrale de Tunisie  exprime sa Profonde pr\u00e9occupation face \u00e0 la situation financi\u00e8re critique"},"content":{"rendered":"\n<p>La Banque centrale de Tunisie (BCT) s\u2019est d\u00e9clar\u00e9e \u00ab&nbsp;<strong>pr\u00e9occup\u00e9e par le tarissement aigu des ressources financi\u00e8res ext\u00e9rieures, face aux besoins importants pour boucler le Budget de l\u2019Etat pour l\u2019ann\u00e9e 202<\/strong>1&nbsp;\u00bb, y voyant la traduction de \u00ab&nbsp;<strong>craintes des bailleurs de fonds internationaux&nbsp;<\/strong>au vu de la d\u00e9t\u00e9rioration de la notation souveraine de la Tunisie et l\u2019absence d\u2019un nouveau programme avec le FMI&nbsp;\u00bb. Elle a tir\u00e9 la sonnette d\u2019alarme quant \u00e0 \u00ab&nbsp;l<strong>a d\u00e9gradation des finances publiques<\/strong>, p\u00e2tissant de leur situation vuln\u00e9rable, ainsi que la hausse des cours internationaux du p\u00e9trole&nbsp;\u00bb, qui \u00ab&nbsp;sont de nature \u00e0&nbsp;<strong>compromettre la soutenabilit\u00e9 de la dette publique<\/strong>, outre les effets n\u00e9gatifs de l\u2019accroissement de l\u2019endettement du secteur public aupr\u00e8s du syst\u00e8me bancaire sur&nbsp;<strong>sa capacit\u00e9 \u00e0 financer les op\u00e9rateurs \u00e9conomiques<\/strong>. La BCT estime \u00ab&nbsp;que la persistance de cette situation engendrera&nbsp;<strong>des r\u00e9percussions fortement n\u00e9gatives sur les \u00e9quilibres ext\u00e9rieurs et sur le march\u00e9 des changes<\/strong>.&nbsp;\u00bb<\/p>\n\n\n\n<p>Dans un communiqu\u00e9 publi\u00e9 \u00e0 l\u2019issue de la r\u00e9union, mercredi de son conseil d\u2019administration, la BCT&nbsp;a \u00ab&nbsp;r\u00e9it\u00e9r\u00e9 ses profondes pr\u00e9occupations face \u00e0 la situation financi\u00e8re actuelle critique, soulignant&nbsp;<strong>la n\u00e9cessit\u00e9 d\u2019acc\u00e9l\u00e9rer la transmission des signaux clairs aux investisseurs locaux et \u00e9trangers<\/strong>&nbsp;quant au r\u00e9tablissement du rythme de l\u2019activit\u00e9 \u00e9conomique et des \u00e9quilibres globaux et financiers, la consolidation de la gouvernance du secteur public, l\u2019am\u00e9lioration du climat des affaires et l\u2019intensification des efforts d\u2019investissement.&nbsp;\u00bb<\/p>\n\n\n\n<p>Par ailleurs, le conseil a d\u00e9cid\u00e9 de&nbsp;<strong>maintenir inchang\u00e9 le taux d\u2019int\u00e9r\u00eat directeur&nbsp;<\/strong>de la Banque Centrale de Tunisie.<\/p>\n\n\n\n<h2>Communiqu\u00e9<\/h2>\n\n\n\n<p>Le Conseil d\u2019Administration de la Banque Centrale de Tunisie a tenu sa r\u00e9union p\u00e9riodique le mercredi 06 octobre 2021 et a d\u00e9battu des diff\u00e9rents points inscrits \u00e0 son ordre du jour. Au d\u00e9but de ses travaux, il a pass\u00e9 en revue les d\u00e9veloppements r\u00e9cents de la conjoncture sur les plans \u00e9conomique, mon\u00e9taire et financier, notamment les donn\u00e9es relatives \u00e0 l\u2019activit\u00e9 \u00e9conomique. En effet, le PIB a affich\u00e9 au cours du deuxi\u00e8me trimestre 2021 une hausse de 16,2% par rapport \u00e0 la m\u00eame p\u00e9riode de l\u2019ann\u00e9e \u00e9coul\u00e9e et une baisse de 2% comparativement au trimestre pr\u00e9c\u00e8dent, en raison surtout de l\u2019effet de base induit par la contraction de l\u2019activit\u00e9 \u00e9conomique durant la m\u00eame p\u00e9riode de l\u2019ann\u00e9e pr\u00e9c\u00e9dente. Ces r\u00e9sultats soulignent aussi le redressement relatif de certains secteurs, notamment les industries manufacturi\u00e8res exportatrices, en relation avec la poursuite de l\u2019am\u00e9lioration de la demande \u00e9manant de la Zone Euro, outre la reprise significative de la production des hydrocarbures due \u00e0 la contribution des champs \u00ab&nbsp;Nawara&nbsp;\u00bb et \u00ab&nbsp;Halk El Menzel&nbsp;\u00bb et le r\u00e9tablissement progressif du secteur du phosphate. En revanche, certains secteurs continuent de subir les effets de la crise sanitaire du COVID-19, en particulier celui des services.<\/p>\n\n\n\n<p>En ce qui concerne l\u2019\u00e9volution des prix, le Conseil a not\u00e9 la stabilisation du taux d\u2019inflation en septembre 2021 aux environs de 6,2%, en glissement annuel, pour le deuxi\u00e8me mois cons\u00e9cutif, contre 5,4% au cours du m\u00eame mois de l\u2019ann\u00e9e pr\u00e9c\u00e9dente. Les principaux indicateurs de l\u2019inflation sous-jacente se sont, \u00e9galement, inscrits en l\u00e9g\u00e8re hausse pour atteindre +6% contre +5,9% le mois pr\u00e9c\u00e9dent pour \u00ab&nbsp;l\u2019inflation hors produits alimentaires et \u00e9nergie&nbsp;\u00bb et +5,4% contre +5,3% pour \u00ab&nbsp;l\u2019inflation hors produits encadr\u00e9s et frais&nbsp;\u00bb.<\/p>\n\n\n\n<p>S\u2019agissant des \u00e9volutions r\u00e9centes du secteur ext\u00e9rieur, le Conseil a soulign\u00e9 la r\u00e9gression du d\u00e9ficit courant au cours des huit premiers mois de 2021 pour revenir \u00e0 3,5% du PIB contre 4,8% une ann\u00e9e auparavant. Ce r\u00e9sultat est imputable principalement \u00e0 la poursuite de la consolidation des revenus du travail (+42,8%) avec une am\u00e9lioration relative des recettes touristiques (+5,2%), alors que le d\u00e9ficit commercial (FOB-CAF) s\u2019est \u00e9largi de 13,7% en relation avec l\u2019\u00e9volution des importations. Quant aux flux nets des capitaux ext\u00e9rieurs, ils ont enregistr\u00e9 une forte baisse due \u00e0 la r\u00e9gression du volume des ressources ext\u00e9rieures mobilis\u00e9es, s\u2019ajoutant \u00e0 la hausse des d\u00e9penses au titre du remboursement du principal de la dette. Compte tenu de ces \u00e9volutions, les avoirs nets en devises sont revenus \u00e0 20.962 MDT ou 127 jours d\u2019importation \u00e0 fin septembre 2021 contre 23.099 MDT et 162 jours d\u2019importation au terme de l\u2019ann\u00e9e 2020.<\/p>\n\n\n\n<p>Dans ce contexte, le Conseil a exprim\u00e9 sa pr\u00e9occupation concernant le tarissement aigu des ressources financi\u00e8res ext\u00e9rieures, face aux besoins importants pour boucler le Budget de l\u2019Etat pour l\u2019ann\u00e9e 2021, traduisant les craintes des bailleurs de fonds internationaux au vu de la d\u00e9t\u00e9rioration de la notation souveraine de la Tunisie et l\u2019absence d\u2019un nouveau programme avec le FMI, ce qui n\u00e9cessitera l\u2019intensification de la coop\u00e9ration financi\u00e8re bilat\u00e9rale d\u2019ici la fin de l\u2019ann\u00e9e afin de mobiliser autant de ressources ext\u00e9rieures que possible et d&rsquo;\u00e9viter le financement mon\u00e9taire eu \u00e9gard \u00e0 ses r\u00e9percussions&nbsp; aussi bien sur le niveau de l&rsquo;inflation&nbsp; que&nbsp; sur les r\u00e9serves en devises et la gestion du taux de change du dinar, outre son impact n\u00e9gatif sur les relations de la Tunisie avec les bailleurs de fonds et les agences de notations souveraines.<\/p>\n\n\n\n<p>D\u2019autre part, le Conseil a soulign\u00e9 que la d\u00e9gradation des finances publiques, p\u00e2tissant de leur situation vuln\u00e9rable, ainsi que la hausse des cours internationaux du p\u00e9trole, sont de nature \u00e0 compromettre la soutenabilit\u00e9 de la dette publique, outre les effets n\u00e9gatifs de l\u2019accroissement de l\u2019endettement du secteur public aupr\u00e8s du syst\u00e8me bancaire sur sa capacit\u00e9 \u00e0 financer les op\u00e9rateurs \u00e9conomiques. Et d\u2019ajouter que la persistance de cette situation engendrera des r\u00e9percussions fortement n\u00e9gatives sur les \u00e9quilibres ext\u00e9rieurs et sur le march\u00e9 des changes.<\/p>\n\n\n\n<p>Apr\u00e8s discussions et d\u00e9lib\u00e9rations sur les points susmentionn\u00e9s, le Conseil a r\u00e9it\u00e9r\u00e9 ses profondes pr\u00e9occupations face \u00e0 la situation financi\u00e8re actuelle critique, soulignant la n\u00e9cessit\u00e9 d\u2019acc\u00e9l\u00e9rer la transmission des signaux clairs aux investisseurs locaux et \u00e9trangers quant au r\u00e9tablissement du rythme de l\u2019activit\u00e9 \u00e9conomique et des \u00e9quilibres globaux et financiers, la consolidation de la gouvernance du secteur public, l\u2019am\u00e9lioration du climat des affaires et l\u2019intensification des efforts d\u2019investissement. A cet \u00e9gard, le Conseil a affirm\u00e9 que la Banque Centrale, continuera \u00e0 jouer pleinement son r\u00f4le en mati\u00e8re de soutien \u00e0 l\u2019\u00e9conomie et \u00e0 suivre de pr\u00e8s l\u2019\u00e9volution des indicateurs \u00e9conomiques, mon\u00e9taires et financiers.<\/p>\n\n\n\n<p>A la fin de ses travaux, le Conseil a d\u00e9cid\u00e9 de maintenir inchang\u00e9 le taux d\u2019int\u00e9r\u00eat directeur de la Banque Centrale de Tunisie.<\/p>\n","protected":false},"excerpt":{"rendered":"<p>La Banque centrale de Tunisie (BCT) s\u2019est d\u00e9clar\u00e9e \u00ab&nbsp;pr\u00e9occup\u00e9e par le tarissement aigu des ressources financi\u00e8res ext\u00e9rieures, face aux besoins importants pour boucler le Budget de l\u2019Etat pour l\u2019ann\u00e9e 2021&nbsp;\u00bb, y voyant la traduction de \u00ab&nbsp;craintes des bailleurs de fonds internationaux&nbsp;au vu de la d\u00e9t\u00e9rioration de la notation souveraine de la Tunisie et l\u2019absence d\u2019un [&hellip;]<\/p>\n","protected":false},"author":1,"featured_media":4151,"comment_status":"open","ping_status":"open","sticky":false,"template":"","format":"standard","meta":[],"categories":[58],"tags":[],"_links":{"self":[{"href":"http:\/\/brands.com.tn\/fr\/wp-json\/wp\/v2\/posts\/4150"}],"collection":[{"href":"http:\/\/brands.com.tn\/fr\/wp-json\/wp\/v2\/posts"}],"about":[{"href":"http:\/\/brands.com.tn\/fr\/wp-json\/wp\/v2\/types\/post"}],"author":[{"embeddable":true,"href":"http:\/\/brands.com.tn\/fr\/wp-json\/wp\/v2\/users\/1"}],"replies":[{"embeddable":true,"href":"http:\/\/brands.com.tn\/fr\/wp-json\/wp\/v2\/comments?post=4150"}],"version-history":[{"count":1,"href":"http:\/\/brands.com.tn\/fr\/wp-json\/wp\/v2\/posts\/4150\/revisions"}],"predecessor-version":[{"id":4152,"href":"http:\/\/brands.com.tn\/fr\/wp-json\/wp\/v2\/posts\/4150\/revisions\/4152"}],"wp:featuredmedia":[{"embeddable":true,"href":"http:\/\/brands.com.tn\/fr\/wp-json\/wp\/v2\/media\/4151"}],"wp:attachment":[{"href":"http:\/\/brands.com.tn\/fr\/wp-json\/wp\/v2\/media?parent=4150"}],"wp:term":[{"taxonomy":"category","embeddable":true,"href":"http:\/\/brands.com.tn\/fr\/wp-json\/wp\/v2\/categories?post=4150"},{"taxonomy":"post_tag","embeddable":true,"href":"http:\/\/brands.com.tn\/fr\/wp-json\/wp\/v2\/tags?post=4150"}],"curies":[{"name":"wp","href":"https:\/\/api.w.org\/{rel}","templated":true}]}}