{"id":4271,"date":"2021-11-08T22:13:28","date_gmt":"2021-11-08T21:13:28","guid":{"rendered":"https:\/\/brands.com.tn\/fr\/?p=4271"},"modified":"2021-11-08T22:13:30","modified_gmt":"2021-11-08T21:13:30","slug":"ooredoo-a-ete-nomme-operateur-de-telecommunications-officiel-de-la-coupe-du-monde-de-la-fifa-2022-et-de-la-coupe-arabe-de-la-fifa-2021-pour-la-region-moyen-orient-et-afrique","status":"publish","type":"post","link":"http:\/\/brands.com.tn\/fr\/2021\/11\/08\/ooredoo-a-ete-nomme-operateur-de-telecommunications-officiel-de-la-coupe-du-monde-de-la-fifa-2022-et-de-la-coupe-arabe-de-la-fifa-2021-pour-la-region-moyen-orient-et-afrique\/","title":{"rendered":"Ooredoo a \u00e9t\u00e9 nomm\u00e9 op\u00e9rateur de t\u00e9l\u00e9communications officiel de la Coupe du Monde de la FIFA 2022\u2122 et de la Coupe Arabe de la FIFA 2021\u2122 pour la r\u00e9gion Moyen Orient et Afrique"},"content":{"rendered":"\n<p>Ooredoo vient d\u2019annoncer qu\u2019elle sera l\u2019op\u00e9rateur de t\u00e9l\u00e9communication officiel de la Coupe du Monde de la FIFA 2022<strong>\u2122<\/strong> et de la Coupe Arabe de la FIFA 2021<strong>\u2122<\/strong> pour la r\u00e9gion Moyen Orient et Afrique.<\/p>\n\n\n\n<p>Le choix d\u2019Ooredoo pour soutenir ce genre d\u2019\u00e9v\u00e8nements sportifs majeurs, consolide la coop\u00e9ration \u00e9troite entre Ooredoo et la FIFA apr\u00e8s sa d\u00e9signation en tant que Supporter national des \u00e9ditions 2019 et 2020 de la Coupe du Monde des Clubs de la FIFA\u2122.<\/p>\n\n\n\n<p>Le directeur commercial d\u2019Ooredoo Qatar, le cheikh Nasser Bin Hamad Bin Nasser Al Thani, a d\u00e9clar\u00e9 \u00e0 l\u2019occasion : \u00ab&nbsp;Nous sommes tr\u00e8s fiers de collaborer \u00e0 nouveau avec la FIFA, cette fois pour soutenir le plus grand \u00e9v\u00e9nement sportif au monde ainsi que le plus grand \u00e9v\u00e9nement footballistique de la r\u00e9gion.&nbsp;Tous les yeux seront riv\u00e9s vers le Qatar en cette fin d\u2019ann\u00e9e 2021 et en 2022, lorsque notre pays deviendra la plus grande sc\u00e8ne internationale sportive. Ce sera l&rsquo;occasion pour Ooredoo de consolider notre leadership en mati\u00e8re d&rsquo;innovation et de t\u00e9l\u00e9communications, de promouvoir notre pays en tant que p\u00f4le sportif majeur et de c\u00e9l\u00e9brer le football \u2013 le sport le plus populaire sur la plan\u00e8te.&nbsp;\u00bb<\/p>\n\n\n\n<p>Le cheikh Nasser Bin Hamad a ajout\u00e9&nbsp;: \u00ab&nbsp;Nous disposons \u00e0 Qatar de nombreux \u00e9difices sportifs internationaux \u00e9quip\u00e9s des derni\u00e8res technologies et innovations. Le r\u00e9seau Ooredoo innov\u00e9 est capable de r\u00e9pondre aux attentes des supporters et des invit\u00e9s de point de vue d\u00e9bit et confiance, deux garanties recherch\u00e9es par tous dans les comp\u00e9titions similaires. Je tiens \u00e0 exprimer une fois de plus notre fiert\u00e9 de participer au soutien de notre pays bien-aim\u00e9 lors de cette organisation pour offrir une exp\u00e9rience inoubliable \u00e0 tous nos invit\u00e9s. Nous sommes \u00e9galement tr\u00e8s heureux de voir les matchs et la bonne ambiance avec des fans du monde entier&nbsp;\u00bb.<\/p>\n\n\n\n<p>De sa part, Nick Brown, directeur des Revenus commerciaux de la FIFA, a d\u00e9clar\u00e9 \u00e0 cet \u00e9gard : \u00ab Nous sommes ravis de retrouver Ooredoo, cette fois en tant que Supporter r\u00e9gional de ces deux formidables comp\u00e9titions que le Qatar s\u2019appr\u00eate \u00e0 accueillir. Avec Ooredoo \u00e0 nos c\u00f4t\u00e9s, nous aurons \u00e0 c\u0153ur d&rsquo;organiser des \u00e9v\u00e9nements m\u00e9morables qui rassembleront les amateurs de football au Qatar et dans le monde entier. \u00bb<\/p>\n\n\n\n<p>La Coupe Arabe de la FIFA 2021\u2122 aura lieu du 30 novembre et le 18 d\u00e9cembre 2021 au Qatar en pr\u00e9sence de 16 \u00e9quipes. Ce rendez-vous fera office de r\u00e9p\u00e9tition avant la Coupe du Monde de la FIFA, Qatar 2022\u2122 qui aura lieu du 21 novembre au 18 d\u00e9cembre 2021. Pour plus d\u2019informations sur les deux comp\u00e9titions, merci de consulter le site\u00a0: FIFA.com<\/p>\n\n\n\n<figure class=\"wp-block-gallery columns-1 is-cropped\"><ul class=\"blocks-gallery-grid\"><li class=\"blocks-gallery-item\"><figure><img loading=\"lazy\" width=\"682\" height=\"1024\" src=\"https:\/\/brands.com.tn\/fr\/wp-content\/uploads\/2021\/11\/Sheikh-Nasser-Bin-Hamad-Al-Thani_Chief-Commercial-Officer_Ooredoo-Qatar-1.jpg\" alt=\"\" data-id=\"4274\" data-full-url=\"https:\/\/brands.com.tn\/fr\/wp-content\/uploads\/2021\/11\/Sheikh-Nasser-Bin-Hamad-Al-Thani_Chief-Commercial-Officer_Ooredoo-Qatar-1.jpg\" data-link=\"https:\/\/brands.com.tn\/fr\/?attachment_id=4274\" class=\"wp-image-4274\" srcset=\"http:\/\/brands.com.tn\/fr\/wp-content\/uploads\/2021\/11\/Sheikh-Nasser-Bin-Hamad-Al-Thani_Chief-Commercial-Officer_Ooredoo-Qatar-1.jpg 682w, http:\/\/brands.com.tn\/fr\/wp-content\/uploads\/2021\/11\/Sheikh-Nasser-Bin-Hamad-Al-Thani_Chief-Commercial-Officer_Ooredoo-Qatar-1-200x300.jpg 200w\" sizes=\"(max-width: 682px) 100vw, 682px\" \/><\/figure><\/li><\/ul><\/figure>\n","protected":false},"excerpt":{"rendered":"<p>Ooredoo vient d\u2019annoncer qu\u2019elle sera l\u2019op\u00e9rateur de t\u00e9l\u00e9communication officiel de la Coupe du Monde de la FIFA 2022\u2122 et de la Coupe Arabe de la FIFA 2021\u2122 pour la r\u00e9gion Moyen Orient et Afrique. Le choix d\u2019Ooredoo pour soutenir ce genre d\u2019\u00e9v\u00e8nements sportifs majeurs, consolide la coop\u00e9ration \u00e9troite entre Ooredoo et la FIFA apr\u00e8s sa [&hellip;]<\/p>\n","protected":false},"author":1,"featured_media":4272,"comment_status":"open","ping_status":"open","sticky":false,"template":"","format":"standard","meta":[],"categories":[43],"tags":[],"_links":{"self":[{"href":"http:\/\/brands.com.tn\/fr\/wp-json\/wp\/v2\/posts\/4271"}],"collection":[{"href":"http:\/\/brands.com.tn\/fr\/wp-json\/wp\/v2\/posts"}],"about":[{"href":"http:\/\/brands.com.tn\/fr\/wp-json\/wp\/v2\/types\/post"}],"author":[{"embeddable":true,"href":"http:\/\/brands.com.tn\/fr\/wp-json\/wp\/v2\/users\/1"}],"replies":[{"embeddable":true,"href":"http:\/\/brands.com.tn\/fr\/wp-json\/wp\/v2\/comments?post=4271"}],"version-history":[{"count":1,"href":"http:\/\/brands.com.tn\/fr\/wp-json\/wp\/v2\/posts\/4271\/revisions"}],"predecessor-version":[{"id":4275,"href":"http:\/\/brands.com.tn\/fr\/wp-json\/wp\/v2\/posts\/4271\/revisions\/4275"}],"wp:featuredmedia":[{"embeddable":true,"href":"http:\/\/brands.com.tn\/fr\/wp-json\/wp\/v2\/media\/4272"}],"wp:attachment":[{"href":"http:\/\/brands.com.tn\/fr\/wp-json\/wp\/v2\/media?parent=4271"}],"wp:term":[{"taxonomy":"category","embeddable":true,"href":"http:\/\/brands.com.tn\/fr\/wp-json\/wp\/v2\/categories?post=4271"},{"taxonomy":"post_tag","embeddable":true,"href":"http:\/\/brands.com.tn\/fr\/wp-json\/wp\/v2\/tags?post=4271"}],"curies":[{"name":"wp","href":"https:\/\/api.w.org\/{rel}","templated":true}]}}