{"id":4684,"date":"2022-02-27T23:38:16","date_gmt":"2022-02-27T22:38:16","guid":{"rendered":"https:\/\/brands.com.tn\/fr\/?p=4684"},"modified":"2022-02-27T23:52:21","modified_gmt":"2022-02-27T22:52:21","slug":"tunisie-telecom-offre-la-gratuite-des-appels-vers-lukraine","status":"publish","type":"post","link":"http:\/\/brands.com.tn\/fr\/2022\/02\/27\/tunisie-telecom-offre-la-gratuite-des-appels-vers-lukraine\/","title":{"rendered":"Tunisie Telecom offre la gratuit\u00e9 des appels vers  L\u2019Ukraine"},"content":{"rendered":"\n<p>Par Solidarit\u00e9 avec ses abonn\u00e9s, Tunisie Telecom leur offre la&nbsp; gratuit\u00e9 des appels tant mobiles que fixes&nbsp;vers l&rsquo;Ukraine pour leur faciliter le contact avec les membres de leur famille et les soutenir lors de la situation inqui\u00e9tante qu&rsquo;ils traversent.<\/p>\n\n\n\n<p>L\u2019op\u00e9rateur national offre cette&nbsp; &nbsp;gratuit\u00e9 exceptionnelle pendant trois jours, \u00e0 partir du dimanche 27 f\u00e9vrier&nbsp; jusqu&rsquo;\u00e0 mercredi 02 Mars 2022 \u00e0 12 H00.<\/p>\n","protected":false},"excerpt":{"rendered":"<p>Par Solidarit\u00e9 avec ses abonn\u00e9s, Tunisie Telecom leur offre la&nbsp; gratuit\u00e9 des appels tant mobiles que fixes&nbsp;vers l&rsquo;Ukraine pour leur faciliter le contact avec les membres de leur famille et les soutenir lors de la situation inqui\u00e9tante qu&rsquo;ils traversent. L\u2019op\u00e9rateur national offre cette&nbsp; &nbsp;gratuit\u00e9 exceptionnelle pendant trois jours, \u00e0 partir du dimanche 27 f\u00e9vrier&nbsp; jusqu&rsquo;\u00e0 [&hellip;]<\/p>\n","protected":false},"author":1,"featured_media":4687,"comment_status":"open","ping_status":"open","sticky":false,"template":"","format":"standard","meta":[],"categories":[43],"tags":[],"_links":{"self":[{"href":"http:\/\/brands.com.tn\/fr\/wp-json\/wp\/v2\/posts\/4684"}],"collection":[{"href":"http:\/\/brands.com.tn\/fr\/wp-json\/wp\/v2\/posts"}],"about":[{"href":"http:\/\/brands.com.tn\/fr\/wp-json\/wp\/v2\/types\/post"}],"author":[{"embeddable":true,"href":"http:\/\/brands.com.tn\/fr\/wp-json\/wp\/v2\/users\/1"}],"replies":[{"embeddable":true,"href":"http:\/\/brands.com.tn\/fr\/wp-json\/wp\/v2\/comments?post=4684"}],"version-history":[{"count":1,"href":"http:\/\/brands.com.tn\/fr\/wp-json\/wp\/v2\/posts\/4684\/revisions"}],"predecessor-version":[{"id":4686,"href":"http:\/\/brands.com.tn\/fr\/wp-json\/wp\/v2\/posts\/4684\/revisions\/4686"}],"wp:featuredmedia":[{"embeddable":true,"href":"http:\/\/brands.com.tn\/fr\/wp-json\/wp\/v2\/media\/4687"}],"wp:attachment":[{"href":"http:\/\/brands.com.tn\/fr\/wp-json\/wp\/v2\/media?parent=4684"}],"wp:term":[{"taxonomy":"category","embeddable":true,"href":"http:\/\/brands.com.tn\/fr\/wp-json\/wp\/v2\/categories?post=4684"},{"taxonomy":"post_tag","embeddable":true,"href":"http:\/\/brands.com.tn\/fr\/wp-json\/wp\/v2\/tags?post=4684"}],"curies":[{"name":"wp","href":"https:\/\/api.w.org\/{rel}","templated":true}]}}