{"id":5422,"date":"2022-11-20T15:42:58","date_gmt":"2022-11-20T14:42:58","guid":{"rendered":"https:\/\/brands.com.tn\/fr\/?p=5422"},"modified":"2022-11-20T15:43:00","modified_gmt":"2022-11-20T14:43:00","slug":"developpement-durable-la-biat-annonce-son-adhesion-a-linitiative-de-lablc-et-signe-le-climate-statement","status":"publish","type":"post","link":"http:\/\/brands.com.tn\/fr\/2022\/11\/20\/developpement-durable-la-biat-annonce-son-adhesion-a-linitiative-de-lablc-et-signe-le-climate-statement\/","title":{"rendered":"D\u00e9veloppement durable\u00a0\u2013 La BIAT annonce son adh\u00e9sion \u00e0 l\u2019initiative de l\u2019ABLC et signe le Climate Statement"},"content":{"rendered":"\n<p><strong>Tunis, le 18 novembre 2022 &#8211; Consciente de l\u2019importance des enjeux Environnementaux, Soci\u00e9taux et de Gouvernance dans le d\u00e9veloppement d\u2019un avenir durable tant au niveau national que r\u00e9gional, la BIAT a rejoint l\u2019initiative de l\u2019ABLC (Africa Business Leaders Coalition) et a proc\u00e9d\u00e9 \u00e0 la signature du Climate Statement. A travers la concr\u00e9tisation de cette adh\u00e9sion, la BIAT affirme son engagement continu pour l\u2019\u00e9conomie, le social et l\u2019environnement.<\/strong><\/p>\n\n\n\n<p>La BIAT poursuit son engagement aupr\u00e8s des initiatives mondiales pour la transformation positive et le d\u00e9veloppement durable des \u00e9conomies. Elle a rejoint la coalition des chefs d\u2019entreprises africains ABLC et sign\u00e9 la d\u00e9claration Climate Statement en marge des travaux de la COP 27.<\/p>\n\n\n\n<p>L\u2019adh\u00e9sion de la BIAT \u00e0 la coalition ABLC vient consolider son r\u00f4le de banque responsable et visionnaire, consciente de l\u2019importance capitale d\u2019agir contre le changement climatique et de respecter l\u2019environnement pour accompagner le d\u00e9veloppement d\u2019une \u00e9conomie durable.<\/p>\n\n\n\n<p>La BIAT a ainsi rejoint les 56 signataires de la d\u00e9claration pour le climat des chefs d\u2019entreprises africains&nbsp;: Climate Statement qui a \u00e9t\u00e9 annonc\u00e9e le 9 novembre 2022 en marge des travaux de la COP27 en Egypte.<\/p>\n\n\n\n<p>Banque citoyenne int\u00e9grant la responsabilit\u00e9 soci\u00e9tale au c\u0153ur de sa strat\u00e9gie, la BIAT, \u00e0 travers la concr\u00e9tisation de cette nouvelle adh\u00e9sion, consolide son engagement en faveur de la mise en place d\u2019un cadre commun pour le d\u00e9veloppement d\u2019un avenir positif et durable.<\/p>\n","protected":false},"excerpt":{"rendered":"<p>Tunis, le 18 novembre 2022 &#8211; Consciente de l\u2019importance des enjeux Environnementaux, Soci\u00e9taux et de Gouvernance dans le d\u00e9veloppement d\u2019un avenir durable tant au niveau national que r\u00e9gional, la BIAT a rejoint l\u2019initiative de l\u2019ABLC (Africa Business Leaders Coalition) et a proc\u00e9d\u00e9 \u00e0 la signature du Climate Statement. A travers la concr\u00e9tisation de cette adh\u00e9sion, [&hellip;]<\/p>\n","protected":false},"author":1,"featured_media":5423,"comment_status":"open","ping_status":"open","sticky":false,"template":"","format":"standard","meta":[],"categories":[50],"tags":[],"_links":{"self":[{"href":"http:\/\/brands.com.tn\/fr\/wp-json\/wp\/v2\/posts\/5422"}],"collection":[{"href":"http:\/\/brands.com.tn\/fr\/wp-json\/wp\/v2\/posts"}],"about":[{"href":"http:\/\/brands.com.tn\/fr\/wp-json\/wp\/v2\/types\/post"}],"author":[{"embeddable":true,"href":"http:\/\/brands.com.tn\/fr\/wp-json\/wp\/v2\/users\/1"}],"replies":[{"embeddable":true,"href":"http:\/\/brands.com.tn\/fr\/wp-json\/wp\/v2\/comments?post=5422"}],"version-history":[{"count":1,"href":"http:\/\/brands.com.tn\/fr\/wp-json\/wp\/v2\/posts\/5422\/revisions"}],"predecessor-version":[{"id":5424,"href":"http:\/\/brands.com.tn\/fr\/wp-json\/wp\/v2\/posts\/5422\/revisions\/5424"}],"wp:featuredmedia":[{"embeddable":true,"href":"http:\/\/brands.com.tn\/fr\/wp-json\/wp\/v2\/media\/5423"}],"wp:attachment":[{"href":"http:\/\/brands.com.tn\/fr\/wp-json\/wp\/v2\/media?parent=5422"}],"wp:term":[{"taxonomy":"category","embeddable":true,"href":"http:\/\/brands.com.tn\/fr\/wp-json\/wp\/v2\/categories?post=5422"},{"taxonomy":"post_tag","embeddable":true,"href":"http:\/\/brands.com.tn\/fr\/wp-json\/wp\/v2\/tags?post=5422"}],"curies":[{"name":"wp","href":"https:\/\/api.w.org\/{rel}","templated":true}]}}