{"id":5815,"date":"2023-06-30T18:15:58","date_gmt":"2023-06-30T17:15:58","guid":{"rendered":"https:\/\/brands.com.tn\/fr\/?p=5815"},"modified":"2023-06-30T18:16:00","modified_gmt":"2023-06-30T17:16:00","slug":"porsche-911-est-disponible-sur-le-marche-tunisien-a-partir-de-780-600-dinars","status":"publish","type":"post","link":"http:\/\/brands.com.tn\/fr\/2023\/06\/30\/porsche-911-est-disponible-sur-le-marche-tunisien-a-partir-de-780-600-dinars\/","title":{"rendered":"PORSCHE 911 est disponible sur le march\u00e9 tunisien \u00e0 partir de 780 600 dinars"},"content":{"rendered":"\n<p>Le nouveau coup\u00e9 sport Porsche est d\u00e9sormais disponible en pr\u00e9-commande. Ce v\u00e9hicule pr\u00e9sente une carrosserie \u00e9l\u00e9gante avec deux portes et quatre places. Il est aliment\u00e9 par un moteur essence de six cylindres d&rsquo;une cylindr\u00e9e de 2981 cm\u00b3, d\u00e9veloppant une puissance de 385 chevaux et un couple de 450 Nm \u00e0 1950 tr\/min. La puissance fiscale est de 26 CV. La transmission est automatique avec huit rapports, et la voiture dispose d&rsquo;une propulsion.<\/p>\n\n\n\n<p>En ce qui concerne les dimensions, le coup\u00e9 mesure 4519 mm de long, 1852 mm de large et 1298 mm de haut. Le coffre offre un volume de 132 litres. Les performances sont impressionnantes, avec une acc\u00e9l\u00e9ration de 0 \u00e0 100 km\/h en 4 secondes et une vitesse maximale de 293 km\/h.<\/p>\n\n\n\n<figure class=\"wp-block-image size-large\"><img loading=\"lazy\" width=\"1024\" height=\"576\" src=\"https:\/\/brands.com.tn\/fr\/wp-content\/uploads\/2023\/06\/oo-1024x576.jpeg\" alt=\"\" class=\"wp-image-5816\" srcset=\"http:\/\/brands.com.tn\/fr\/wp-content\/uploads\/2023\/06\/oo-1024x576.jpeg 1024w, http:\/\/brands.com.tn\/fr\/wp-content\/uploads\/2023\/06\/oo-300x169.jpeg 300w, http:\/\/brands.com.tn\/fr\/wp-content\/uploads\/2023\/06\/oo-768x432.jpeg 768w, http:\/\/brands.com.tn\/fr\/wp-content\/uploads\/2023\/06\/oo.jpeg 1280w\" sizes=\"(max-width: 1024px) 100vw, 1024px\" \/><\/figure>\n\n\n\n<p>La consommation de carburant est de 12,9 L\/100 km en cycle urbain, 7,4 L\/100 km en cycle extra-urbain et 9,4 L\/100 km en cycle mixte. Les \u00e9missions de CO2 s&rsquo;\u00e9l\u00e8vent \u00e0 215 g\/km.<\/p>\n\n\n\n<p>En termes d&rsquo;\u00e9quipements de s\u00e9curit\u00e9, la voiture est dot\u00e9e d&rsquo;un syst\u00e8me de freinage antiblocage (ABS), d&rsquo;airbags frontaux, lat\u00e9raux et rideaux, d&rsquo;un syst\u00e8me d&rsquo;alarme antivol (Porsche Vehicle Tracking System), d&rsquo;un syst\u00e8me de contr\u00f4le de traction (ASR | PSM), d&rsquo;un syst\u00e8me d&rsquo;assistance au freinage (ABD), d&rsquo;un syst\u00e8me de fixation ISOFIX pour les si\u00e8ges enfants et d&rsquo;un syst\u00e8me de contr\u00f4le de la pression des pneus.<\/p>\n\n\n\n<figure class=\"wp-block-gallery has-nested-images columns-default is-cropped\">\n<figure class=\"wp-block-image size-large\"><img loading=\"lazy\" width=\"1024\" height=\"576\" data-id=\"5817\"  src=\"https:\/\/brands.com.tn\/fr\/wp-content\/uploads\/2023\/06\/porsche-model-1024x576.png\" alt=\"\" class=\"wp-image-5817\" srcset=\"http:\/\/brands.com.tn\/fr\/wp-content\/uploads\/2023\/06\/porsche-model-1024x576.png 1024w, http:\/\/brands.com.tn\/fr\/wp-content\/uploads\/2023\/06\/porsche-model-300x169.png 300w, http:\/\/brands.com.tn\/fr\/wp-content\/uploads\/2023\/06\/porsche-model-768x432.png 768w, http:\/\/brands.com.tn\/fr\/wp-content\/uploads\/2023\/06\/porsche-model-1536x864.png 1536w, http:\/\/brands.com.tn\/fr\/wp-content\/uploads\/2023\/06\/porsche-model.png 1920w\" sizes=\"(max-width: 1024px) 100vw, 1024px\" \/><\/figure>\n<\/figure>\n\n\n\n<p>L&rsquo;int\u00e9rieur du v\u00e9hicule est \u00e9quip\u00e9 d&rsquo;accoudoirs, d&rsquo;un autoradio avec 8 haut-parleurs, d&rsquo;un ciel de pavillon en Alcantara, d&rsquo;une connectivit\u00e9 compl\u00e8te comprenant Apple Carplay, Bluetooth, Wifi et le Porsche Communication Management (PCM). Il dispose \u00e9galement d&rsquo;un \u00e9cran, d&rsquo;une finition int\u00e9rieure en carbone, d&rsquo;un pommeau de levier de vitesse en cuir, de si\u00e8ges en cuir \u00e9lectriques avec 14 r\u00e9glages et fonction m\u00e9moire, de seuils de portes en acier inoxydable, de tapis de sol, d&rsquo;un toit ouvrant en verre, de vitres teint\u00e9es, d&rsquo;un volant en cuir chauffant et sport, et de nombreux autres \u00e9quipements.<\/p>\n\n\n\n<p>\u00c0 l&rsquo;ext\u00e9rieur, le v\u00e9hicule est \u00e9quip\u00e9 d&rsquo;un syst\u00e8me d&rsquo;aide au stationnement avec radar de recul, radar avant et cam\u00e9ra de recul, d&rsquo;un aileron arri\u00e8re \u00e0 d\u00e9ploiement automatique, de feux \u00e0 LED (feux de jour, phares avant et arri\u00e8re), de jantes en aluminium de 20&Prime; ou 21&Prime; en couleur noire, d&rsquo;un kit carrosserie SportDesign, de lave-phares, de phares Full LED avec le Porsche Dynamic Light System Plus, et de sorties d&rsquo;\u00e9chappement sport noires.<\/p>\n\n\n\n<p>Parmi les \u00e9quipements fonctionnels, on retrouve l&rsquo;aide au d\u00e9marrage en c\u00f4te, l&rsquo;allumage automatique des feux, la cl\u00e9 intelligente avec acc\u00e8s mains libres, la climatisation automatique bi-zone, le d\u00e9tecteur de pluie, la direction assist\u00e9e (Servotronic), le GPS, la fermeture centralis\u00e9e \u00e0 distance, le frein de stationnement \u00e9lectrique, le s\u00e9lecteur de modes de conduite (Normal, Confort, Sport), l&rsquo;ordinateur de bord, le pack Sport Chrono, le r\u00e9gulateur de vitesse adaptatif, les r\u00e9troviseurs ext\u00e9rieurs \u00e9lectriques, rabattables, d\u00e9givrants, photosensibles avec \u00e9clairage d&rsquo;accueil \u00e0 LED, les si\u00e8ges avant r\u00e9glables en hauteur pour le conducteur et le passager, le r\u00e9troviseur int\u00e9rieur anti-\u00e9blouissement, la pr\u00e9paration pour t\u00e9l\u00e9phone, le syst\u00e8me start &amp; stop, la suspension Porsche Active Suspension Management (PASM), le volant r\u00e9glable en hauteur et en profondeur, et les vitres \u00e9lectriques.<\/p>\n\n\n\n<figure class=\"wp-block-gallery has-nested-images columns-default is-cropped\">\n<figure class=\"wp-block-image size-large\"><img loading=\"lazy\" width=\"980\" height=\"551\" data-id=\"5818\"  src=\"https:\/\/brands.com.tn\/fr\/wp-content\/uploads\/2023\/06\/porsche_911_turbo_interieur_7.jpeg\" alt=\"\" class=\"wp-image-5818\" srcset=\"http:\/\/brands.com.tn\/fr\/wp-content\/uploads\/2023\/06\/porsche_911_turbo_interieur_7.jpeg 980w, http:\/\/brands.com.tn\/fr\/wp-content\/uploads\/2023\/06\/porsche_911_turbo_interieur_7-300x169.jpeg 300w, http:\/\/brands.com.tn\/fr\/wp-content\/uploads\/2023\/06\/porsche_911_turbo_interieur_7-768x432.jpeg 768w\" sizes=\"(max-width: 980px) 100vw, 980px\" \/><\/figure>\n\n\n\n<figure class=\"wp-block-image size-large\"><img loading=\"lazy\" width=\"1024\" height=\"768\" data-id=\"5819\"  src=\"https:\/\/brands.com.tn\/fr\/wp-content\/uploads\/2023\/06\/S0-et-en-marge-du-mondial-2022-porsche-911-t-selective-731607-1024x768.jpeg\" alt=\"\" class=\"wp-image-5819\" srcset=\"http:\/\/brands.com.tn\/fr\/wp-content\/uploads\/2023\/06\/S0-et-en-marge-du-mondial-2022-porsche-911-t-selective-731607-1024x768.jpeg 1024w, http:\/\/brands.com.tn\/fr\/wp-content\/uploads\/2023\/06\/S0-et-en-marge-du-mondial-2022-porsche-911-t-selective-731607-300x225.jpeg 300w, http:\/\/brands.com.tn\/fr\/wp-content\/uploads\/2023\/06\/S0-et-en-marge-du-mondial-2022-porsche-911-t-selective-731607-768x576.jpeg 768w, http:\/\/brands.com.tn\/fr\/wp-content\/uploads\/2023\/06\/S0-et-en-marge-du-mondial-2022-porsche-911-t-selective-731607-1536x1152.jpeg 1536w, http:\/\/brands.com.tn\/fr\/wp-content\/uploads\/2023\/06\/S0-et-en-marge-du-mondial-2022-porsche-911-t-selective-731607.jpeg 1921w\" sizes=\"(max-width: 1024px) 100vw, 1024px\" \/><\/figure>\n<\/figure>\n\n\n\n<p>En r\u00e9sum\u00e9, ce coup\u00e9 Porsche offre des performances sportives, un int\u00e9rieur luxueux avec des \u00e9quipements modernes et une grande attention aux d\u00e9tails, ainsi que des caract\u00e9ristiques de s\u00e9curit\u00e9 avanc\u00e9es. C&rsquo;est un v\u00e9hicule id\u00e9al pour les amateurs de conduite passionn\u00e9s \u00e0 la recherche d&rsquo;une exp\u00e9rience de conduite ultime.<\/p>\n","protected":false},"excerpt":{"rendered":"<p>Le nouveau coup\u00e9 sport Porsche est d\u00e9sormais disponible en pr\u00e9-commande. Ce v\u00e9hicule pr\u00e9sente une carrosserie \u00e9l\u00e9gante avec deux portes et quatre places. Il est aliment\u00e9 par un moteur essence de six cylindres d&rsquo;une cylindr\u00e9e de 2981 cm\u00b3, d\u00e9veloppant une puissance de 385 chevaux et un couple de 450 Nm \u00e0 1950 tr\/min. La puissance fiscale [&hellip;]<\/p>\n","protected":false},"author":1,"featured_media":5820,"comment_status":"open","ping_status":"open","sticky":false,"template":"","format":"standard","meta":[],"categories":[42],"tags":[],"_links":{"self":[{"href":"http:\/\/brands.com.tn\/fr\/wp-json\/wp\/v2\/posts\/5815"}],"collection":[{"href":"http:\/\/brands.com.tn\/fr\/wp-json\/wp\/v2\/posts"}],"about":[{"href":"http:\/\/brands.com.tn\/fr\/wp-json\/wp\/v2\/types\/post"}],"author":[{"embeddable":true,"href":"http:\/\/brands.com.tn\/fr\/wp-json\/wp\/v2\/users\/1"}],"replies":[{"embeddable":true,"href":"http:\/\/brands.com.tn\/fr\/wp-json\/wp\/v2\/comments?post=5815"}],"version-history":[{"count":1,"href":"http:\/\/brands.com.tn\/fr\/wp-json\/wp\/v2\/posts\/5815\/revisions"}],"predecessor-version":[{"id":5821,"href":"http:\/\/brands.com.tn\/fr\/wp-json\/wp\/v2\/posts\/5815\/revisions\/5821"}],"wp:featuredmedia":[{"embeddable":true,"href":"http:\/\/brands.com.tn\/fr\/wp-json\/wp\/v2\/media\/5820"}],"wp:attachment":[{"href":"http:\/\/brands.com.tn\/fr\/wp-json\/wp\/v2\/media?parent=5815"}],"wp:term":[{"taxonomy":"category","embeddable":true,"href":"http:\/\/brands.com.tn\/fr\/wp-json\/wp\/v2\/categories?post=5815"},{"taxonomy":"post_tag","embeddable":true,"href":"http:\/\/brands.com.tn\/fr\/wp-json\/wp\/v2\/tags?post=5815"}],"curies":[{"name":"wp","href":"https:\/\/api.w.org\/{rel}","templated":true}]}}