{"id":6580,"date":"2024-02-21T17:36:04","date_gmt":"2024-02-21T16:36:04","guid":{"rendered":"https:\/\/brands.com.tn\/fr\/?p=6580"},"modified":"2024-02-21T17:36:05","modified_gmt":"2024-02-21T16:36:05","slug":"tunisie-inauguration-de-la-premiere-centrale-solaire-a-djerba%ef%bf%bc","status":"publish","type":"post","link":"http:\/\/brands.com.tn\/fr\/2024\/02\/21\/tunisie-inauguration-de-la-premiere-centrale-solaire-a-djerba%ef%bf%bc\/","title":{"rendered":"Tunisie | Inauguration de la premi\u00e8re centrale solaire \u00e0 Djerba\ufffc"},"content":{"rendered":"\n<p>La premi\u00e8re centrale solaire photovolta\u00efque \u00e0 Djerba et dans le sud-est, vient d&rsquo;\u00eatre inaugur\u00e9 par le&nbsp;secr\u00e9taire d&rsquo;Etat charg\u00e9 de la transition \u00e9nerg\u00e9tique, Wael Chouchane.&nbsp;Cette centrale de 1 MW fournira de l&rsquo;\u00e9lectricit\u00e9 \u00e0 500 logements et permettra de contribuer \u00e0 la lutte contre les \u00e9missions de gaz \u00e0 effet de serre.<\/p>\n\n\n\n<p>Moyennant un co\u00fbt d&rsquo;investissement de 3 millions de dinars, cette station situ\u00e9e dans la d\u00e9l\u00e9gation d&rsquo;Ajim,&nbsp;qui s&rsquo;\u00e9tend sur une superficie de 1,5 hectare, est compos\u00e9e de pr\u00e8s de deux mille pannaux solaires d&rsquo;une capacit\u00e9 de 510 watts.<\/p>\n\n\n\n<p>Le promoteur de ce projet, Jamil Maamer, a d\u00e9clar\u00e9 que le prix de vente de l&rsquo;\u00e9lectricit\u00e9 par la STEG sera fix\u00e9 \u00e0 200 millimes alors que le co\u00fbt de la production de l&rsquo;\u00e9lectricit\u00e9 \u00e0 partir du gaz naturel atteint 300 millimes.<\/p>\n\n\n\n<p>Ce projet s&rsquo;inscrit dans le cadre de la strat\u00e9gie nationale pour le d\u00e9veloppement de la production de l&rsquo;\u00e9lectricit\u00e9 \u00e0 partir des \u00e9nergies renouvelables visant la r\u00e9duction du d\u00e9ficit \u00e9nerg\u00e9tique qui a atteint dans notre pays 50%, l&rsquo;am\u00e9lioration de l&rsquo;ind\u00e9pendance \u00e9nerg\u00e9tique et la r\u00e9alisation de l&rsquo;objectif de production de 35% de l&rsquo;\u00e9lectricit\u00e9, \u00e0 partir des \u00e9nergies renouvelables d&rsquo;ici 2035, ce qui n\u00e9cessite pr\u00e8s de 5 mille m\u00e9gawatts.<br>\u00a0<\/p>\n\n\n\n<figure class=\"wp-block-gallery has-nested-images columns-default is-cropped\">\n<figure class=\"wp-block-image size-large\"><img loading=\"lazy\" width=\"1024\" height=\"768\" data-id=\"6583\"  src=\"https:\/\/brands.com.tn\/fr\/wp-content\/uploads\/2024\/02\/0-2-1024x768.jpg\" alt=\"\" class=\"wp-image-6583\" srcset=\"http:\/\/brands.com.tn\/fr\/wp-content\/uploads\/2024\/02\/0-2-1024x768.jpg 1024w, http:\/\/brands.com.tn\/fr\/wp-content\/uploads\/2024\/02\/0-2-300x225.jpg 300w, http:\/\/brands.com.tn\/fr\/wp-content\/uploads\/2024\/02\/0-2-768x576.jpg 768w, http:\/\/brands.com.tn\/fr\/wp-content\/uploads\/2024\/02\/0-2-1536x1152.jpg 1536w, http:\/\/brands.com.tn\/fr\/wp-content\/uploads\/2024\/02\/0-2.jpg 2000w\" sizes=\"(max-width: 1024px) 100vw, 1024px\" \/><\/figure>\n\n\n\n<figure class=\"wp-block-image size-large\"><img loading=\"lazy\" width=\"1024\" height=\"768\" data-id=\"6582\"  src=\"https:\/\/brands.com.tn\/fr\/wp-content\/uploads\/2024\/02\/3-3-1024x768.jpg\" alt=\"\" class=\"wp-image-6582\" srcset=\"http:\/\/brands.com.tn\/fr\/wp-content\/uploads\/2024\/02\/3-3-1024x768.jpg 1024w, http:\/\/brands.com.tn\/fr\/wp-content\/uploads\/2024\/02\/3-3-300x225.jpg 300w, http:\/\/brands.com.tn\/fr\/wp-content\/uploads\/2024\/02\/3-3-768x576.jpg 768w, http:\/\/brands.com.tn\/fr\/wp-content\/uploads\/2024\/02\/3-3-1536x1152.jpg 1536w, http:\/\/brands.com.tn\/fr\/wp-content\/uploads\/2024\/02\/3-3.jpg 2000w\" sizes=\"(max-width: 1024px) 100vw, 1024px\" \/><\/figure>\n<\/figure>\n","protected":false},"excerpt":{"rendered":"<p>La premi\u00e8re centrale solaire photovolta\u00efque \u00e0 Djerba et dans le sud-est, vient d&rsquo;\u00eatre inaugur\u00e9 par le&nbsp;secr\u00e9taire d&rsquo;Etat charg\u00e9 de la transition \u00e9nerg\u00e9tique, Wael Chouchane.&nbsp;Cette centrale de 1 MW fournira de l&rsquo;\u00e9lectricit\u00e9 \u00e0 500 logements et permettra de contribuer \u00e0 la lutte contre les \u00e9missions de gaz \u00e0 effet de serre. Moyennant un co\u00fbt d&rsquo;investissement de [&hellip;]<\/p>\n","protected":false},"author":1,"featured_media":6581,"comment_status":"open","ping_status":"open","sticky":false,"template":"","format":"standard","meta":[],"categories":[58],"tags":[],"_links":{"self":[{"href":"http:\/\/brands.com.tn\/fr\/wp-json\/wp\/v2\/posts\/6580"}],"collection":[{"href":"http:\/\/brands.com.tn\/fr\/wp-json\/wp\/v2\/posts"}],"about":[{"href":"http:\/\/brands.com.tn\/fr\/wp-json\/wp\/v2\/types\/post"}],"author":[{"embeddable":true,"href":"http:\/\/brands.com.tn\/fr\/wp-json\/wp\/v2\/users\/1"}],"replies":[{"embeddable":true,"href":"http:\/\/brands.com.tn\/fr\/wp-json\/wp\/v2\/comments?post=6580"}],"version-history":[{"count":1,"href":"http:\/\/brands.com.tn\/fr\/wp-json\/wp\/v2\/posts\/6580\/revisions"}],"predecessor-version":[{"id":6584,"href":"http:\/\/brands.com.tn\/fr\/wp-json\/wp\/v2\/posts\/6580\/revisions\/6584"}],"wp:featuredmedia":[{"embeddable":true,"href":"http:\/\/brands.com.tn\/fr\/wp-json\/wp\/v2\/media\/6581"}],"wp:attachment":[{"href":"http:\/\/brands.com.tn\/fr\/wp-json\/wp\/v2\/media?parent=6580"}],"wp:term":[{"taxonomy":"category","embeddable":true,"href":"http:\/\/brands.com.tn\/fr\/wp-json\/wp\/v2\/categories?post=6580"},{"taxonomy":"post_tag","embeddable":true,"href":"http:\/\/brands.com.tn\/fr\/wp-json\/wp\/v2\/tags?post=6580"}],"curies":[{"name":"wp","href":"https:\/\/api.w.org\/{rel}","templated":true}]}}