{"id":6895,"date":"2024-05-24T17:57:37","date_gmt":"2024-05-24T16:57:37","guid":{"rendered":"https:\/\/brands.com.tn\/fr\/?p=6895"},"modified":"2024-05-24T17:57:38","modified_gmt":"2024-05-24T16:57:38","slug":"projet-finance-par-la-biat-les-travaux-de-renovation-de-la-piscine-du-belvedere-seront-termines-en-octobre-prochain","status":"publish","type":"post","link":"http:\/\/brands.com.tn\/fr\/2024\/05\/24\/projet-finance-par-la-biat-les-travaux-de-renovation-de-la-piscine-du-belvedere-seront-termines-en-octobre-prochain\/","title":{"rendered":"Projet financ\u00e9 par la BIAT&#8230; Les travaux de r\u00e9novation de la piscine du Belv\u00e9d\u00e8re seront termin\u00e9s en octobre prochain."},"content":{"rendered":"\n<p><strong>Le g\u00e9n\u00e9ral de brigade Sami El Andaloussi, directeur g\u00e9n\u00e9ral du g\u00e9nie militaire, a confirm\u00e9 que la piscine municipale du Belv\u00e9d\u00e8re devrait \u00eatre pr\u00eate d&rsquo;ici la fin du mois d&rsquo;octobre prochain.<\/strong><\/p>\n\n\n\n<p>El Andaloussi a ajout\u00e9 que la piscine sera pr\u00eate avec les m\u00eames caract\u00e9ristiques architecturales originales, en pr\u00e9cisant que la r\u00e9alisation du projet est supervis\u00e9e par la direction g\u00e9n\u00e9rale du g\u00e9nie militaire.<\/p>\n\n\n\n<p>Il est \u00e0 noter que la banque BIAT s&rsquo;est engag\u00e9e en f\u00e9vrier dernier \u00e0 financer la r\u00e9novation de la piscine municipale du Belv\u00e9d\u00e8re, tandis que les unit\u00e9s du g\u00e9nie militaire de l&rsquo;arm\u00e9e nationale se sont charg\u00e9es de superviser les travaux afin que ce projet soit pr\u00eat dans les plus brefs d\u00e9lais.<\/p>\n","protected":false},"excerpt":{"rendered":"<p>Le g\u00e9n\u00e9ral de brigade Sami El Andaloussi, directeur g\u00e9n\u00e9ral du g\u00e9nie militaire, a confirm\u00e9 que la piscine municipale du Belv\u00e9d\u00e8re devrait \u00eatre pr\u00eate d&rsquo;ici la fin du mois d&rsquo;octobre prochain. El Andaloussi a ajout\u00e9 que la piscine sera pr\u00eate avec les m\u00eames caract\u00e9ristiques architecturales originales, en pr\u00e9cisant que la r\u00e9alisation du projet est supervis\u00e9e par [&hellip;]<\/p>\n","protected":false},"author":1,"featured_media":6896,"comment_status":"open","ping_status":"open","sticky":false,"template":"","format":"standard","meta":[],"categories":[50],"tags":[],"_links":{"self":[{"href":"http:\/\/brands.com.tn\/fr\/wp-json\/wp\/v2\/posts\/6895"}],"collection":[{"href":"http:\/\/brands.com.tn\/fr\/wp-json\/wp\/v2\/posts"}],"about":[{"href":"http:\/\/brands.com.tn\/fr\/wp-json\/wp\/v2\/types\/post"}],"author":[{"embeddable":true,"href":"http:\/\/brands.com.tn\/fr\/wp-json\/wp\/v2\/users\/1"}],"replies":[{"embeddable":true,"href":"http:\/\/brands.com.tn\/fr\/wp-json\/wp\/v2\/comments?post=6895"}],"version-history":[{"count":1,"href":"http:\/\/brands.com.tn\/fr\/wp-json\/wp\/v2\/posts\/6895\/revisions"}],"predecessor-version":[{"id":6897,"href":"http:\/\/brands.com.tn\/fr\/wp-json\/wp\/v2\/posts\/6895\/revisions\/6897"}],"wp:featuredmedia":[{"embeddable":true,"href":"http:\/\/brands.com.tn\/fr\/wp-json\/wp\/v2\/media\/6896"}],"wp:attachment":[{"href":"http:\/\/brands.com.tn\/fr\/wp-json\/wp\/v2\/media?parent=6895"}],"wp:term":[{"taxonomy":"category","embeddable":true,"href":"http:\/\/brands.com.tn\/fr\/wp-json\/wp\/v2\/categories?post=6895"},{"taxonomy":"post_tag","embeddable":true,"href":"http:\/\/brands.com.tn\/fr\/wp-json\/wp\/v2\/tags?post=6895"}],"curies":[{"name":"wp","href":"https:\/\/api.w.org\/{rel}","templated":true}]}}