{"id":7149,"date":"2024-07-24T16:28:15","date_gmt":"2024-07-24T15:28:15","guid":{"rendered":"https:\/\/brands.com.tn\/fr\/?p=7149"},"modified":"2024-07-24T16:28:16","modified_gmt":"2024-07-24T15:28:16","slug":"baccouche-automobiles-celebre-son-6eme-anniversaire-et-inaugure-la-marque-mini-a-sousse","status":"publish","type":"post","link":"http:\/\/brands.com.tn\/fr\/2024\/07\/24\/baccouche-automobiles-celebre-son-6eme-anniversaire-et-inaugure-la-marque-mini-a-sousse\/","title":{"rendered":"Baccouche Automobiles c\u00e9l\u00e8bre son 6\u00e8me anniversaire et inaugure la marque Mini \u00e0 Sousse"},"content":{"rendered":"\n<p><strong>C&rsquo;est avec \u00e9clat et en pr\u00e9sence d&rsquo;une assistance nombreuse et distingu\u00e9e (environ 400 personnes), compos\u00e9e d&rsquo;hommes d&rsquo;affaires influents, de chefs d&rsquo;entreprises, de clients fid\u00e8les et de membres \u00e9minents de la soci\u00e9t\u00e9 civile, que la soci\u00e9t\u00e9 Baccouche Automobiles a c\u00e9l\u00e9br\u00e9, vendredi 19 juillet 2024, son sixi\u00e8me anniversaire au showroom Baccouche Automobiles, situ\u00e9 sur la Route Ceinture Oued Arouk de Akouda(Sousse).<\/strong><\/p>\n\n\n\n<p>\u00c0 cette occasion m\u00e9morable, Baccouche Automobiles, agent agr\u00e9\u00e9 par Ben Jem\u00e2a Motors BMW \u00e0 Sousse, a d\u00e9cid\u00e9 de marquer doublement l&rsquo;\u00e9v\u00e9nement. En plus de la somptueuse c\u00e9l\u00e9bration de son anniversaire, consacrant des ann\u00e9es de r\u00e9ussite et de croissance, la soci\u00e9t\u00e9 a annonc\u00e9 le lancement tant attendu de la marque Mini \u00e0 Sousse.<\/p>\n\n\n\n<p>Cette voiture iconique, renomm\u00e9e pour son design exceptionnel et ses possibilit\u00e9s de personnalisation presque infinies, continue de susciter passion et d\u00e9sir. La Mini, fusion parfaite entre h\u00e9ritage riche et esprit contemporain, incarne une exp\u00e9rience de conduite dynamique et un style inimitable.<\/p>\n\n\n\n<p>Ce lancement t\u00e9moigne du succ\u00e8s retentissant de Baccouche Automobiles depuis son implantation dans la capitale du Sahel, un succ\u00e8s en constante expansion. Pour couronner cette \u00e9tape importante, un showroom de 220 m\u00e8tres carr\u00e9s, enti\u00e8rement d\u00e9di\u00e9 \u00e0 la marque Mini, verra bient\u00f4t le jour. Ce nouvel espace permettra d&rsquo;exposer toutes les versions de la Mini, qu&rsquo;elles soient citadines ou sportives, offrant ainsi aux clients une immersion compl\u00e8te dans l&rsquo;univers de la marque.<\/p>\n\n\n\n<p>La c\u00e9r\u00e9monie, v\u00e9ritable festival de couleurs et de joie, a \u00e9galement \u00e9t\u00e9 le th\u00e9\u00e2tre de la signature de contrats de partenariat strat\u00e9giques par M. Mohamed Ben Jem\u00e2a (directeur g\u00e9n\u00e9ral de Ben Jem\u00e2a Motors) et M. Khaled Baccouche (G\u00e9rant de Baccouche Automobiles) avec une d\u00e9l\u00e9gation allemande. Ces accords visent \u00e0 renforcer la pr\u00e9sence et l&rsquo;influence des marques BMW et Mini dans la r\u00e9gion, tout en garantissant aux clients des produits et services d&rsquo;exception.<\/p>\n\n\n\n<p>Baccouche Automobiles est fier d&rsquo;\u00eatre la premi\u00e8re agence 3S (Showroom, Spare parts (vente pi\u00e8ces de rechange) et Service technique) agr\u00e9\u00e9e Ben Jem\u00e2a Motors \u00e0 repr\u00e9senter l&rsquo;importateur exclusif de la marque BMW en Tunisie dans la r\u00e9gion du Sahel. Le showroom expose toute la gamme de v\u00e9hicules BMW et propose un service apr\u00e8s-vente de haute qualit\u00e9, offrant une large gamme de services de proximit\u00e9 pour r\u00e9pondre aux besoins des clients. Les installations modernes et le personnel hautement qualifi\u00e9 de Baccouche Automobiles assurent une exp\u00e9rience client hors pair, depuis l&rsquo;achat initial jusqu&rsquo;\u00e0 l&rsquo;entretien r\u00e9gulier.<\/p>\n\n\n\n<p>L\u2019agence 3S est situ\u00e9e sur l\u2019axe routier strat\u00e9gique de Sousse, la Route Ceinture Oued Arouk de Akouda, avec 5 niveaux (sous-sol, RDC, mezzanine et deux \u00e9tages) pour une superficie totale de plus de 5000 m2. L\u2019espace d\u2019exposition s\u2019\u00e9tale sur une surface de 615 m2 entre le rez-de-chauss\u00e9e et la mezzanine, permettant d\u2019exposer jusqu\u2019\u00e0 huit v\u00e9hicules selon les normes de BMW. L\u2019agence englobe l\u2019ensemble des services administratifs et techniques n\u00e9cessaires pour un service digne d\u2019une marque premium.Le service apr\u00e8s-vente se compose de deux magasins de pi\u00e8ces de rechange et d\u2019un atelier de r\u00e9paration.<\/p>\n\n\n\n<p>L&rsquo;implantation de ce site mod\u00e8le s&rsquo;inscrit dans la strat\u00e9gie de d\u00e9veloppement ambitieuse de Ben Jem\u00e2a Motors, qui place l&rsquo;extension de son r\u00e9seau au c\u0153ur de ses priorit\u00e9s. Cette nouvelle implantation \u00e0 Sousse renforce les activit\u00e9s de Ben Jem\u00e2a Motors, qui pr\u00e9voit d&rsquo;\u00e9largir encore son r\u00e9seau avec des implantations \u00e0 court terme dans les banlieues nord et sud de Tunis, ainsi qu&rsquo;\u00e0 Sfax, la capitale du Sud. Ces expansions strat\u00e9giques visent \u00e0 offrir un acc\u00e8s plus large aux v\u00e9hicules et aux services BMW et Mini.<\/p>\n\n\n\n<p><em>Pour plus d&rsquo;informations sur Baccouche Automobiles, la nouvelle gamme Mini ou les services offerts, veuillez visiter le showroom \u00e0 Sousse ou consulter le site Mini Tunisie.<\/em><\/p>\n\n\n\n<figure class=\"wp-block-gallery has-nested-images columns-default is-cropped\">\n<figure class=\"wp-block-image size-large\"><img loading=\"lazy\" width=\"945\" height=\"630\" data-id=\"7151\"  src=\"https:\/\/brands.com.tn\/fr\/wp-content\/uploads\/2024\/07\/1-1.jpg\" alt=\"\" class=\"wp-image-7151\" srcset=\"http:\/\/brands.com.tn\/fr\/wp-content\/uploads\/2024\/07\/1-1.jpg 945w, http:\/\/brands.com.tn\/fr\/wp-content\/uploads\/2024\/07\/1-1-300x200.jpg 300w, http:\/\/brands.com.tn\/fr\/wp-content\/uploads\/2024\/07\/1-1-768x512.jpg 768w\" sizes=\"(max-width: 945px) 100vw, 945px\" \/><\/figure>\n\n\n\n<figure class=\"wp-block-image size-large\"><img loading=\"lazy\" width=\"945\" height=\"630\" data-id=\"7152\"  src=\"https:\/\/brands.com.tn\/fr\/wp-content\/uploads\/2024\/07\/2-1.jpg\" alt=\"\" class=\"wp-image-7152\" srcset=\"http:\/\/brands.com.tn\/fr\/wp-content\/uploads\/2024\/07\/2-1.jpg 945w, http:\/\/brands.com.tn\/fr\/wp-content\/uploads\/2024\/07\/2-1-300x200.jpg 300w, http:\/\/brands.com.tn\/fr\/wp-content\/uploads\/2024\/07\/2-1-768x512.jpg 768w\" sizes=\"(max-width: 945px) 100vw, 945px\" \/><\/figure>\n\n\n\n<figure class=\"wp-block-image size-large\"><img loading=\"lazy\" width=\"945\" height=\"630\" data-id=\"7153\"  src=\"https:\/\/brands.com.tn\/fr\/wp-content\/uploads\/2024\/07\/\u0644\u06273.jpg\" alt=\"\" class=\"wp-image-7153\" srcset=\"http:\/\/brands.com.tn\/fr\/wp-content\/uploads\/2024\/07\/\u0644\u06273.jpg 945w, http:\/\/brands.com.tn\/fr\/wp-content\/uploads\/2024\/07\/\u0644\u06273-300x200.jpg 300w, http:\/\/brands.com.tn\/fr\/wp-content\/uploads\/2024\/07\/\u0644\u06273-768x512.jpg 768w\" sizes=\"(max-width: 945px) 100vw, 945px\" \/><\/figure>\n\n\n\n<figure class=\"wp-block-image size-large\"><img loading=\"lazy\" width=\"945\" height=\"630\" data-id=\"7154\"  src=\"https:\/\/brands.com.tn\/fr\/wp-content\/uploads\/2024\/07\/\u0644\u06274.jpg\" alt=\"\" class=\"wp-image-7154\" srcset=\"http:\/\/brands.com.tn\/fr\/wp-content\/uploads\/2024\/07\/\u0644\u06274.jpg 945w, http:\/\/brands.com.tn\/fr\/wp-content\/uploads\/2024\/07\/\u0644\u06274-300x200.jpg 300w, http:\/\/brands.com.tn\/fr\/wp-content\/uploads\/2024\/07\/\u0644\u06274-768x512.jpg 768w\" sizes=\"(max-width: 945px) 100vw, 945px\" \/><\/figure>\n<\/figure>\n","protected":false},"excerpt":{"rendered":"<p>C&rsquo;est avec \u00e9clat et en pr\u00e9sence d&rsquo;une assistance nombreuse et distingu\u00e9e (environ 400 personnes), compos\u00e9e d&rsquo;hommes d&rsquo;affaires influents, de chefs d&rsquo;entreprises, de clients fid\u00e8les et de membres \u00e9minents de la soci\u00e9t\u00e9 civile, que la soci\u00e9t\u00e9 Baccouche Automobiles a c\u00e9l\u00e9br\u00e9, vendredi 19 juillet 2024, son sixi\u00e8me anniversaire au showroom Baccouche Automobiles, situ\u00e9 sur la Route Ceinture [&hellip;]<\/p>\n","protected":false},"author":1,"featured_media":7150,"comment_status":"open","ping_status":"open","sticky":false,"template":"","format":"standard","meta":[],"categories":[42],"tags":[],"_links":{"self":[{"href":"http:\/\/brands.com.tn\/fr\/wp-json\/wp\/v2\/posts\/7149"}],"collection":[{"href":"http:\/\/brands.com.tn\/fr\/wp-json\/wp\/v2\/posts"}],"about":[{"href":"http:\/\/brands.com.tn\/fr\/wp-json\/wp\/v2\/types\/post"}],"author":[{"embeddable":true,"href":"http:\/\/brands.com.tn\/fr\/wp-json\/wp\/v2\/users\/1"}],"replies":[{"embeddable":true,"href":"http:\/\/brands.com.tn\/fr\/wp-json\/wp\/v2\/comments?post=7149"}],"version-history":[{"count":1,"href":"http:\/\/brands.com.tn\/fr\/wp-json\/wp\/v2\/posts\/7149\/revisions"}],"predecessor-version":[{"id":7155,"href":"http:\/\/brands.com.tn\/fr\/wp-json\/wp\/v2\/posts\/7149\/revisions\/7155"}],"wp:featuredmedia":[{"embeddable":true,"href":"http:\/\/brands.com.tn\/fr\/wp-json\/wp\/v2\/media\/7150"}],"wp:attachment":[{"href":"http:\/\/brands.com.tn\/fr\/wp-json\/wp\/v2\/media?parent=7149"}],"wp:term":[{"taxonomy":"category","embeddable":true,"href":"http:\/\/brands.com.tn\/fr\/wp-json\/wp\/v2\/categories?post=7149"},{"taxonomy":"post_tag","embeddable":true,"href":"http:\/\/brands.com.tn\/fr\/wp-json\/wp\/v2\/tags?post=7149"}],"curies":[{"name":"wp","href":"https:\/\/api.w.org\/{rel}","templated":true}]}}