{"id":7435,"date":"2024-11-01T20:38:43","date_gmt":"2024-11-01T19:38:43","guid":{"rendered":"https:\/\/brands.com.tn\/fr\/?p=7435"},"modified":"2024-11-01T22:05:15","modified_gmt":"2024-11-01T21:05:15","slug":"la-tunisian-automotive-association-taa-elit-un-nouveau-bureau-et-affirme-sa-determination-a-continuer-le-developpement-du-secteur-de-la-fabrication-de-composants-automobiles-en-tunisie-photos","status":"publish","type":"post","link":"http:\/\/brands.com.tn\/fr\/2024\/11\/01\/la-tunisian-automotive-association-taa-elit-un-nouveau-bureau-et-affirme-sa-determination-a-continuer-le-developpement-du-secteur-de-la-fabrication-de-composants-automobiles-en-tunisie-photos\/","title":{"rendered":"La Tunisian Automotive Association (TAA) \u00e9lit un nouveau bureau et affirme sa d\u00e9termination \u00e0 continuer le d\u00e9veloppement du secteur de la fabrication de composants automobiles en Tunisie (photos)"},"content":{"rendered":"\n<p>La Tunisian Automotive Association (TAA) a tenu avec succ\u00e8s sa 8\u00e8me Assembl\u00e9e G\u00e9n\u00e9rale le 31 octobre 2024 \u00e0l\u2019h\u00f4tel Sheraton Tunis.<\/p>\n\n\n\n<p>Cet \u00e9v\u00e8nementa rassembl\u00e9 les membres de la TAA, de nombreux acteurs du secteur automobile en Tunisie et des partenaires publics et priv\u00e9s.<\/p>\n\n\n\n<p>Le bilan des activit\u00e9s de l\u2019association 2023-2024 a \u00e9t\u00e9 pr\u00e9sent\u00e9, notamment les principalesr\u00e9alisations, Le Lancement de nouveaux projets, les partenariats sign\u00e9set les\u00e9v\u00e9nements organis\u00e9s.<\/p>\n\n\n\n<p>Les Perspectives 2025ont \u00e9t\u00e9 cit\u00e9es avec des objectifs et des challenges \u00e0 relever pour l\u2019ann\u00e9e \u00e0 venir, en lien avec les enjeux du secteur automobile en Tunisie.<\/p>\n\n\n\n<figure class=\"wp-block-gallery has-nested-images columns-default is-cropped\">\n<figure class=\"wp-block-image size-large\"><img loading=\"lazy\" width=\"945\" height=\"630\" data-id=\"7440\"  src=\"https:\/\/brands.com.tn\/fr\/wp-content\/uploads\/2024\/11\/1-1.jpg\" alt=\"\" class=\"wp-image-7440\" srcset=\"http:\/\/brands.com.tn\/fr\/wp-content\/uploads\/2024\/11\/1-1.jpg 945w, http:\/\/brands.com.tn\/fr\/wp-content\/uploads\/2024\/11\/1-1-300x200.jpg 300w, http:\/\/brands.com.tn\/fr\/wp-content\/uploads\/2024\/11\/1-1-768x512.jpg 768w\" sizes=\"(max-width: 945px) 100vw, 945px\" \/><\/figure>\n<\/figure>\n\n\n\n<p><strong>Un nouveau chapitre s\u2019ouvre pour la TAA.<\/strong>Cette assembl\u00e9e g\u00e9n\u00e9rale a vu \u00e9lire un nouveau comit\u00e9 Directeur.<\/p>\n\n\n\n<p>Mme Myriam Elloumi du Groupe COFICAB,nouvelle pr\u00e9sidente a \u00e9t\u00e9 \u00e9lue \u00e0 la t\u00eate de la Tunisian Automotive Association pour le mandat 2024- 2027, succ\u00e9dant ainsi \u00e0 Mr NabhenBouchaala.<\/p>\n\n\n\n<p>Fort de son expertise et de son engagement, le nouveau comit\u00e9 directeur, compos\u00e9 de&nbsp;:<\/p>\n\n\n\n<p>Mme Myriam Elloumi- COFICAB GROUP,Pr\u00e9sidente<\/p>\n\n\n\n<p>Mr. ImedCharfeddine- PEC GROUP, Membre Directeur<\/p>\n\n\n\n<p>MrWissem Badri- KROMBERG &amp; SCHUBERT, Membre Directeur<\/p>\n\n\n\n<p>Mr Sabri Brahem-Draxlmaier, Membre Directeur<\/p>\n\n\n\n<p>Mr Issam Jemli- BONTAZ, Membre Directeur<\/p>\n\n\n\n<p>MrChekibDebbabi- TPS, Membre Directeur&nbsp;&nbsp;&nbsp;&nbsp;&nbsp;&nbsp;&nbsp;&nbsp;&nbsp;&nbsp;&nbsp;&nbsp;<\/p>\n\n\n\n<p>Mr Riadh Ben Ayed- LTM, Membre Directeur<\/p>\n\n\n\n<p>Mr Walid Rouis- ACTIA, Membre Directeur<\/p>\n\n\n\n<p>Mme Lamia FOURATI- One tech Group, Membre Directeur<\/p>\n\n\n\n<p>Mr Bechir Dardour- APEM, Membre Directeur<\/p>\n\n\n\n<p>Mr Safouane HAKIRI- YAZAKI, Membre  Directeur<\/p>\n\n\n\n<figure class=\"wp-block-gallery has-nested-images columns-default is-cropped\">\n<figure class=\"wp-block-image size-large\"><img loading=\"lazy\" width=\"945\" height=\"630\" data-id=\"7441\"  src=\"https:\/\/brands.com.tn\/fr\/wp-content\/uploads\/2024\/11\/8.jpg\" alt=\"\" class=\"wp-image-7441\" srcset=\"http:\/\/brands.com.tn\/fr\/wp-content\/uploads\/2024\/11\/8.jpg 945w, http:\/\/brands.com.tn\/fr\/wp-content\/uploads\/2024\/11\/8-300x200.jpg 300w, http:\/\/brands.com.tn\/fr\/wp-content\/uploads\/2024\/11\/8-768x512.jpg 768w\" sizes=\"(max-width: 945px) 100vw, 945px\" \/><\/figure>\n<\/figure>\n\n\n\n<p>aura pour mission de poursuivre et d&rsquo;amplifier les actions de la TAA pour soutenir le d\u00e9veloppement du secteur automobile en Tunisie, en mettant l&rsquo;accent sur l&rsquo;innovation, la durabilit\u00e9 et la comp\u00e9titivit\u00e9 aussi bien \u00e0 l\u2019\u00e9chelle nationale qu\u2019\u00e0 l\u2019international.<\/p>\n\n\n\n<p>La nouvelle pr\u00e9sidente de la TAA a exprim\u00e9 sa reconnaissance envers les membres pour la confiance qui lui a \u00e9t\u00e9 accord\u00e9e et a affirm\u00e9 son engagement \u00e0 renforcer la position de la Tunisie dans l&rsquo;\u00e9cosyst\u00e8me automobile mondial.<\/p>\n\n\n\n<p><strong>Citation dela nouvelle Pr\u00e9sidente &nbsp;&nbsp;&nbsp;&nbsp;&nbsp;&nbsp;&nbsp;&nbsp;&nbsp;&nbsp;&nbsp;<\/strong><br><em>\u00ab\u00a0C\u2019est un honneur de prendre la pr\u00e9sidence de la Tunisian Automotive Association dans une p\u00e9riode aussi riche en d\u00e9fis et en opportunit\u00e9s. Mon objectif est de renforcer notre r\u00f4le de r\u00e9f\u00e9rence dans l\u2019industrie automobile, en mettant l\u2019accent sur l\u2019innovation, la durabilit\u00e9 et l\u2019engagement de nos membres. Ensemble, avec le soutien d\u2019un comit\u00e9 directeur renouvel\u00e9 et l\u2019expertise de notre pr\u00e9sident d\u2019honneur, nous travaillerons \u00e0 b\u00e2tir un avenir prosp\u00e8re pour notre secteur, tant au niveau national qu\u2019international.\u00a0\u00bb<\/em><\/p>\n\n\n\n<p><strong>Remerciements \u00e0 l\u2019ancien pr\u00e9sident et aux membres partants<\/strong><\/p>\n\n\n\n<p>La Tunisian Automotive association tient \u00e9galement \u00e0 exprimer sa <strong>profonde gratitude \u00e0 l&rsquo;ancien pr\u00e9sident<\/strong>, Monsieur <strong>Nabhen BOUCHALAA <\/strong>ainsi qu&rsquo;aux membres sortants du Comit\u00e9 Directeur pour leur <strong>d\u00e9vouement<\/strong> et leur <strong>contribution inestimable<\/strong> tout au long de leurs mandats. Leur leadership a permis de r\u00e9aliser d\u2019importantes avanc\u00e9es pour le secteur automobile en Tunisie, notamment en mati\u00e8re de partenariats locaux et internationaux. Leur engagement restera une source d&rsquo;inspiration pour les projets \u00e0 venir.<\/p>\n\n\n\n<p><strong>Citation de Monsieur Nabhen BOUCHALAA :<\/strong><br><em>\u00ab\u00a0Ce fut un immense honneur de servir notre association. Je suis fier des accomplissements que nous avons r\u00e9alis\u00e9s ensemble et confiant dans la capacit\u00e9 du nouveau comit\u00e9 \u00e0 porter notre secteur vers de nouveaux horizons.\u00a0\u00bb<\/em><\/p>\n\n\n\n<p>Avec ce nouveau comit\u00e9, la TAA s&rsquo;engage \u00e0 continuer de repr\u00e9senter et soutenir ses membres tout en faisant face aux nouveaux d\u00e9fis du secteur.<\/p>\n\n\n\n<p><strong>Un dialogue franco-tunisien fructueux.<\/strong> \u00c0 l&rsquo;issue de l&rsquo;assembl\u00e9e, Mme Myriam Elloumi a eu le plaisir d&rsquo;accueillir M. Jean-Louis Pech, pr\u00e9sident de la F\u00e9d\u00e9ration des Industries des \u00c9quipements pour V\u00e9hicules (FIEV) et Pr\u00e9sident du Groupe ACTIA pour un \u00e9change riche et constructif sur les d\u00e9fis et les opportunit\u00e9s du secteur automobile en Europe et en Tunisie. Cette rencontre a permis de souligner le potentiel de coop\u00e9ration entre les deux pays et de renforcer le partenariat de la TAA avec La FIEV.<\/p>\n\n\n\n<figure class=\"wp-block-gallery has-nested-images columns-default is-cropped\">\n<figure class=\"wp-block-image size-large\"><img loading=\"lazy\" width=\"945\" height=\"630\" data-id=\"7451\"  src=\"https:\/\/brands.com.tn\/fr\/wp-content\/uploads\/2024\/11\/3.jpg\" alt=\"\" class=\"wp-image-7451\" srcset=\"http:\/\/brands.com.tn\/fr\/wp-content\/uploads\/2024\/11\/3.jpg 945w, http:\/\/brands.com.tn\/fr\/wp-content\/uploads\/2024\/11\/3-300x200.jpg 300w, http:\/\/brands.com.tn\/fr\/wp-content\/uploads\/2024\/11\/3-768x512.jpg 768w\" sizes=\"(max-width: 945px) 100vw, 945px\" \/><\/figure>\n\n\n\n<figure class=\"wp-block-image size-large\"><img loading=\"lazy\" width=\"945\" height=\"630\" data-id=\"7454\"  src=\"https:\/\/brands.com.tn\/fr\/wp-content\/uploads\/2024\/11\/5.jpg\" alt=\"\" class=\"wp-image-7454\" srcset=\"http:\/\/brands.com.tn\/fr\/wp-content\/uploads\/2024\/11\/5.jpg 945w, http:\/\/brands.com.tn\/fr\/wp-content\/uploads\/2024\/11\/5-300x200.jpg 300w, http:\/\/brands.com.tn\/fr\/wp-content\/uploads\/2024\/11\/5-768x512.jpg 768w\" sizes=\"(max-width: 945px) 100vw, 945px\" \/><\/figure>\n\n\n\n<figure class=\"wp-block-image size-large\"><img loading=\"lazy\" width=\"945\" height=\"630\" data-id=\"7442\"  src=\"https:\/\/brands.com.tn\/fr\/wp-content\/uploads\/2024\/11\/7.jpg\" alt=\"\" class=\"wp-image-7442\" srcset=\"http:\/\/brands.com.tn\/fr\/wp-content\/uploads\/2024\/11\/7.jpg 945w, http:\/\/brands.com.tn\/fr\/wp-content\/uploads\/2024\/11\/7-300x200.jpg 300w, http:\/\/brands.com.tn\/fr\/wp-content\/uploads\/2024\/11\/7-768x512.jpg 768w\" sizes=\"(max-width: 945px) 100vw, 945px\" \/><\/figure>\n\n\n\n<figure class=\"wp-block-image size-large\"><img loading=\"lazy\" width=\"945\" height=\"630\" data-id=\"7450\"  src=\"https:\/\/brands.com.tn\/fr\/wp-content\/uploads\/2024\/11\/9.jpg\" alt=\"\" class=\"wp-image-7450\" srcset=\"http:\/\/brands.com.tn\/fr\/wp-content\/uploads\/2024\/11\/9.jpg 945w, http:\/\/brands.com.tn\/fr\/wp-content\/uploads\/2024\/11\/9-300x200.jpg 300w, http:\/\/brands.com.tn\/fr\/wp-content\/uploads\/2024\/11\/9-768x512.jpg 768w\" sizes=\"(max-width: 945px) 100vw, 945px\" \/><\/figure>\n\n\n\n<figure class=\"wp-block-image size-large\"><img loading=\"lazy\" width=\"945\" height=\"630\" data-id=\"7453\"  src=\"https:\/\/brands.com.tn\/fr\/wp-content\/uploads\/2024\/11\/11.jpg\" alt=\"\" class=\"wp-image-7453\" srcset=\"http:\/\/brands.com.tn\/fr\/wp-content\/uploads\/2024\/11\/11.jpg 945w, http:\/\/brands.com.tn\/fr\/wp-content\/uploads\/2024\/11\/11-300x200.jpg 300w, http:\/\/brands.com.tn\/fr\/wp-content\/uploads\/2024\/11\/11-768x512.jpg 768w\" sizes=\"(max-width: 945px) 100vw, 945px\" \/><\/figure>\n\n\n\n<figure class=\"wp-block-image size-large\"><img loading=\"lazy\" width=\"945\" height=\"630\" data-id=\"7446\"  src=\"https:\/\/brands.com.tn\/fr\/wp-content\/uploads\/2024\/11\/14.jpg\" alt=\"\" class=\"wp-image-7446\" srcset=\"http:\/\/brands.com.tn\/fr\/wp-content\/uploads\/2024\/11\/14.jpg 945w, http:\/\/brands.com.tn\/fr\/wp-content\/uploads\/2024\/11\/14-300x200.jpg 300w, http:\/\/brands.com.tn\/fr\/wp-content\/uploads\/2024\/11\/14-768x512.jpg 768w\" sizes=\"(max-width: 945px) 100vw, 945px\" \/><\/figure>\n\n\n\n<figure class=\"wp-block-image size-large\"><img loading=\"lazy\" width=\"945\" height=\"630\" data-id=\"7447\"  src=\"https:\/\/brands.com.tn\/fr\/wp-content\/uploads\/2024\/11\/15.jpg\" alt=\"\" class=\"wp-image-7447\" srcset=\"http:\/\/brands.com.tn\/fr\/wp-content\/uploads\/2024\/11\/15.jpg 945w, http:\/\/brands.com.tn\/fr\/wp-content\/uploads\/2024\/11\/15-300x200.jpg 300w, http:\/\/brands.com.tn\/fr\/wp-content\/uploads\/2024\/11\/15-768x512.jpg 768w\" sizes=\"(max-width: 945px) 100vw, 945px\" \/><\/figure>\n\n\n\n<figure class=\"wp-block-image size-large\"><img loading=\"lazy\" width=\"945\" height=\"630\" data-id=\"7445\"  src=\"https:\/\/brands.com.tn\/fr\/wp-content\/uploads\/2024\/11\/17.jpg\" alt=\"\" class=\"wp-image-7445\" srcset=\"http:\/\/brands.com.tn\/fr\/wp-content\/uploads\/2024\/11\/17.jpg 945w, http:\/\/brands.com.tn\/fr\/wp-content\/uploads\/2024\/11\/17-300x200.jpg 300w, http:\/\/brands.com.tn\/fr\/wp-content\/uploads\/2024\/11\/17-768x512.jpg 768w\" sizes=\"(max-width: 945px) 100vw, 945px\" \/><\/figure>\n\n\n\n<figure class=\"wp-block-image size-large\"><img loading=\"lazy\" width=\"945\" height=\"630\" data-id=\"7444\"  src=\"https:\/\/brands.com.tn\/fr\/wp-content\/uploads\/2024\/11\/23.jpg\" alt=\"\" class=\"wp-image-7444\" srcset=\"http:\/\/brands.com.tn\/fr\/wp-content\/uploads\/2024\/11\/23.jpg 945w, http:\/\/brands.com.tn\/fr\/wp-content\/uploads\/2024\/11\/23-300x200.jpg 300w, http:\/\/brands.com.tn\/fr\/wp-content\/uploads\/2024\/11\/23-768x512.jpg 768w\" sizes=\"(max-width: 945px) 100vw, 945px\" \/><\/figure>\n\n\n\n<figure class=\"wp-block-image size-large\"><img loading=\"lazy\" width=\"945\" height=\"630\" data-id=\"7443\"  src=\"https:\/\/brands.com.tn\/fr\/wp-content\/uploads\/2024\/11\/24.jpg\" alt=\"\" class=\"wp-image-7443\" srcset=\"http:\/\/brands.com.tn\/fr\/wp-content\/uploads\/2024\/11\/24.jpg 945w, http:\/\/brands.com.tn\/fr\/wp-content\/uploads\/2024\/11\/24-300x200.jpg 300w, http:\/\/brands.com.tn\/fr\/wp-content\/uploads\/2024\/11\/24-768x512.jpg 768w\" sizes=\"(max-width: 945px) 100vw, 945px\" \/><\/figure>\n\n\n\n<figure class=\"wp-block-image size-large\"><img loading=\"lazy\" width=\"945\" height=\"630\" data-id=\"7448\"  src=\"https:\/\/brands.com.tn\/fr\/wp-content\/uploads\/2024\/11\/27.jpg\" alt=\"\" class=\"wp-image-7448\" srcset=\"http:\/\/brands.com.tn\/fr\/wp-content\/uploads\/2024\/11\/27.jpg 945w, http:\/\/brands.com.tn\/fr\/wp-content\/uploads\/2024\/11\/27-300x200.jpg 300w, http:\/\/brands.com.tn\/fr\/wp-content\/uploads\/2024\/11\/27-768x512.jpg 768w\" sizes=\"(max-width: 945px) 100vw, 945px\" \/><\/figure>\n\n\n\n<figure class=\"wp-block-image size-large\"><img loading=\"lazy\" width=\"945\" height=\"630\" data-id=\"7449\"  src=\"https:\/\/brands.com.tn\/fr\/wp-content\/uploads\/2024\/11\/28.jpg\" alt=\"\" class=\"wp-image-7449\" srcset=\"http:\/\/brands.com.tn\/fr\/wp-content\/uploads\/2024\/11\/28.jpg 945w, http:\/\/brands.com.tn\/fr\/wp-content\/uploads\/2024\/11\/28-300x200.jpg 300w, http:\/\/brands.com.tn\/fr\/wp-content\/uploads\/2024\/11\/28-768x512.jpg 768w\" sizes=\"(max-width: 945px) 100vw, 945px\" \/><\/figure>\n<\/figure>\n","protected":false},"excerpt":{"rendered":"<p>La Tunisian Automotive Association (TAA) a tenu avec succ\u00e8s sa 8\u00e8me Assembl\u00e9e G\u00e9n\u00e9rale le 31 octobre 2024 \u00e0l\u2019h\u00f4tel Sheraton Tunis. Cet \u00e9v\u00e8nementa rassembl\u00e9 les membres de la TAA, de nombreux acteurs du secteur automobile en Tunisie et des partenaires publics et priv\u00e9s. Le bilan des activit\u00e9s de l\u2019association 2023-2024 a \u00e9t\u00e9 pr\u00e9sent\u00e9, notamment les principalesr\u00e9alisations, [&hellip;]<\/p>\n","protected":false},"author":1,"featured_media":7439,"comment_status":"open","ping_status":"open","sticky":false,"template":"","format":"standard","meta":[],"categories":[58],"tags":[],"_links":{"self":[{"href":"http:\/\/brands.com.tn\/fr\/wp-json\/wp\/v2\/posts\/7435"}],"collection":[{"href":"http:\/\/brands.com.tn\/fr\/wp-json\/wp\/v2\/posts"}],"about":[{"href":"http:\/\/brands.com.tn\/fr\/wp-json\/wp\/v2\/types\/post"}],"author":[{"embeddable":true,"href":"http:\/\/brands.com.tn\/fr\/wp-json\/wp\/v2\/users\/1"}],"replies":[{"embeddable":true,"href":"http:\/\/brands.com.tn\/fr\/wp-json\/wp\/v2\/comments?post=7435"}],"version-history":[{"count":3,"href":"http:\/\/brands.com.tn\/fr\/wp-json\/wp\/v2\/posts\/7435\/revisions"}],"predecessor-version":[{"id":7457,"href":"http:\/\/brands.com.tn\/fr\/wp-json\/wp\/v2\/posts\/7435\/revisions\/7457"}],"wp:featuredmedia":[{"embeddable":true,"href":"http:\/\/brands.com.tn\/fr\/wp-json\/wp\/v2\/media\/7439"}],"wp:attachment":[{"href":"http:\/\/brands.com.tn\/fr\/wp-json\/wp\/v2\/media?parent=7435"}],"wp:term":[{"taxonomy":"category","embeddable":true,"href":"http:\/\/brands.com.tn\/fr\/wp-json\/wp\/v2\/categories?post=7435"},{"taxonomy":"post_tag","embeddable":true,"href":"http:\/\/brands.com.tn\/fr\/wp-json\/wp\/v2\/tags?post=7435"}],"curies":[{"name":"wp","href":"https:\/\/api.w.org\/{rel}","templated":true}]}}