{"id":7535,"date":"2024-11-23T21:21:17","date_gmt":"2024-11-23T20:21:17","guid":{"rendered":"https:\/\/brands.com.tn\/fr\/?p=7535"},"modified":"2024-11-23T21:21:19","modified_gmt":"2024-11-23T20:21:19","slug":"voitures-populaires-trois-concessionnaires-automobiles-se-retirent-du-marche","status":"publish","type":"post","link":"http:\/\/brands.com.tn\/fr\/2024\/11\/23\/voitures-populaires-trois-concessionnaires-automobiles-se-retirent-du-marche\/","title":{"rendered":"Voitures populaires : trois concessionnaires automobiles se retirent du march\u00e9"},"content":{"rendered":"\n<p>Le pr\u00e9sident de la chambre syndicale des concessionnaires et constructeurs automobiles, Ibrahim Debbache, a indiqu\u00e9 que trois concessionnaires automobiles ont d\u00e9cid\u00e9 de ne pas importer ni vendre les voitures dites populaires en raison du plafonnement de leur prix \u00e0 35.000 dinars.<\/p>\n\n\n\n<p>S&rsquo;exprimant le 21 novembre 2024 dans l&rsquo;\u00e9mission&nbsp;<em>Fi 60 Dkika<\/em>&nbsp;sur Diwan FM, Ibrahim Debbache a affirm\u00e9 que plus d&rsquo;une dizaine de concessionnaires automobiles importaient habituellement 10.000 voitures populaires par an. Or, pour l&rsquo;ann\u00e9e 2024, entre six et sept concessionnaires seulement ont proc\u00e9d\u00e9 \u00e0 cette importation, introduisant ainsi pr\u00e8s de 7.000 voitures populaires sur le march\u00e9 tunisien.<\/p>\n\n\n\n<p>Le pr\u00e9sident de la chambre syndicale a expliqu\u00e9 que certains concessionnaires n&rsquo;ont pas pu importer des mod\u00e8les dont le prix d\u00e9passe 35.000 dinars. En cons\u00e9quence, les quotas ont \u00e9t\u00e9 r\u00e9vis\u00e9s afin de permettre d&rsquo;atteindre l&rsquo;objectif de 10.000 v\u00e9hicules populaires.<\/p>\n\n\n\n<p>Ibrahim Debbache a \u00e9galement confirm\u00e9 qu&rsquo;aucune r\u00e9vision n&rsquo;a \u00e9t\u00e9 effectu\u00e9e, jusqu&rsquo;\u00e0 pr\u00e9sent, concernant le nombre de voitures populaires \u00e0 importer pour l&rsquo;ann\u00e9e 2025. Il a estim\u00e9 que l&rsquo;am\u00e9lioration de la situation \u00e9conomique du pays pourrait stimuler l&rsquo;ensemble du secteur automobile et encourager une hausse des quotas de distribution pour les concessionnaires.<\/p>\n","protected":false},"excerpt":{"rendered":"<p>Le pr\u00e9sident de la chambre syndicale des concessionnaires et constructeurs automobiles, Ibrahim Debbache, a indiqu\u00e9 que trois concessionnaires automobiles ont d\u00e9cid\u00e9 de ne pas importer ni vendre les voitures dites populaires en raison du plafonnement de leur prix \u00e0 35.000 dinars. S&rsquo;exprimant le 21 novembre 2024 dans l&rsquo;\u00e9mission&nbsp;Fi 60 Dkika&nbsp;sur Diwan FM, Ibrahim Debbache a [&hellip;]<\/p>\n","protected":false},"author":1,"featured_media":7537,"comment_status":"open","ping_status":"open","sticky":false,"template":"","format":"standard","meta":[],"categories":[42],"tags":[],"_links":{"self":[{"href":"http:\/\/brands.com.tn\/fr\/wp-json\/wp\/v2\/posts\/7535"}],"collection":[{"href":"http:\/\/brands.com.tn\/fr\/wp-json\/wp\/v2\/posts"}],"about":[{"href":"http:\/\/brands.com.tn\/fr\/wp-json\/wp\/v2\/types\/post"}],"author":[{"embeddable":true,"href":"http:\/\/brands.com.tn\/fr\/wp-json\/wp\/v2\/users\/1"}],"replies":[{"embeddable":true,"href":"http:\/\/brands.com.tn\/fr\/wp-json\/wp\/v2\/comments?post=7535"}],"version-history":[{"count":1,"href":"http:\/\/brands.com.tn\/fr\/wp-json\/wp\/v2\/posts\/7535\/revisions"}],"predecessor-version":[{"id":7538,"href":"http:\/\/brands.com.tn\/fr\/wp-json\/wp\/v2\/posts\/7535\/revisions\/7538"}],"wp:featuredmedia":[{"embeddable":true,"href":"http:\/\/brands.com.tn\/fr\/wp-json\/wp\/v2\/media\/7537"}],"wp:attachment":[{"href":"http:\/\/brands.com.tn\/fr\/wp-json\/wp\/v2\/media?parent=7535"}],"wp:term":[{"taxonomy":"category","embeddable":true,"href":"http:\/\/brands.com.tn\/fr\/wp-json\/wp\/v2\/categories?post=7535"},{"taxonomy":"post_tag","embeddable":true,"href":"http:\/\/brands.com.tn\/fr\/wp-json\/wp\/v2\/tags?post=7535"}],"curies":[{"name":"wp","href":"https:\/\/api.w.org\/{rel}","templated":true}]}}