{"id":7655,"date":"2025-01-21T19:27:44","date_gmt":"2025-01-21T18:27:44","guid":{"rendered":"https:\/\/brands.com.tn\/fr\/?p=7655"},"modified":"2025-01-21T19:27:45","modified_gmt":"2025-01-21T18:27:45","slug":"%ef%bf%bcinnovation-alimentaire-le-pain-riche-en-fibres-a-lhonneur-lors-de-la-visite-du-ministre-du-commerce","status":"publish","type":"post","link":"http:\/\/brands.com.tn\/fr\/2025\/01\/21\/%ef%bf%bcinnovation-alimentaire-le-pain-riche-en-fibres-a-lhonneur-lors-de-la-visite-du-ministre-du-commerce\/","title":{"rendered":"\ufffcInnovation Alimentaire : Le Pain Riche en Fibres \u00e0 l&rsquo;Honneur lors de la Visite du Ministre du Commerce"},"content":{"rendered":"\n<p>Lors de la visite du Ministre du Commerce et du D\u00e9veloppement des Exportations, Mr Samir Abid, au ROSE BLANCHE Group \u00e0 Sousse, le 13 janvier 2025, l&rsquo;\u00e9tudiante Hala Ben Mahmoud a pr\u00e9sent\u00e9 un expos\u00e9 sur sa recherche concernant le pain riche en fibres, qu\u2019elle a r\u00e9alis\u00e9e dans le cadre de son master en collaboration avec l&rsquo;Institut Sup\u00e9rieur de Biotechnologie de Sfax et les laboratoires d\u2019innovation du ROSE BLANCHE Group, P\u00f4le de Sfax.<\/p>\n\n\n\n<p>L&rsquo;objectif de cette recherche est d&rsquo;augmenter la teneur en fibres du pain \u00e0 un niveau d\u00e9passant 80 %, tout en pr\u00e9servant le go\u00fbt du pain traditionnel. Apr\u00e8s le succ\u00e8s des tests tant th\u00e9oriques que pratiques, le d\u00e9fi r\u00e9side d\u00e9sormais dans l&rsquo;exp\u00e9rimentation \u00e0 l&rsquo;\u00e9chelle industrielle, ce qui permettra de transformer cette recherche universitaire en un produit local qui contribue \u00e0 la rationalisation de l&rsquo;utilisation de la farine blanche.<\/p>\n\n\n\n<p>L&rsquo;\u00e9tudiante a \u00e9crit sur sa page Facebook qu&rsquo;elle \u00e9tait honor\u00e9e d&rsquo;offrir une copie de sa recherche au ministre du Commerce et a remerci\u00e9 ROSE BLANCHE Group, l&rsquo;Institut Sup\u00e9rieur de Biotechnologie de Sfax, ainsi que tous ceux qui \u00ab croient au soutien des jeunes talents \u00bb. Elle a \u00e9galement mentionn\u00e9 Mr Kamel Belkhiria, Pr\u00e9sident du ROSE BLANCHE Group, qui a veill\u00e9 \u00e0 sa pr\u00e9sence lors de cet \u00e9v\u00e9nement.<\/p>\n","protected":false},"excerpt":{"rendered":"<p>Lors de la visite du Ministre du Commerce et du D\u00e9veloppement des Exportations, Mr Samir Abid, au ROSE BLANCHE Group \u00e0 Sousse, le 13 janvier 2025, l&rsquo;\u00e9tudiante Hala Ben Mahmoud a pr\u00e9sent\u00e9 un expos\u00e9 sur sa recherche concernant le pain riche en fibres, qu\u2019elle a r\u00e9alis\u00e9e dans le cadre de son master en collaboration avec [&hellip;]<\/p>\n","protected":false},"author":1,"featured_media":7656,"comment_status":"open","ping_status":"open","sticky":false,"template":"","format":"standard","meta":[],"categories":[60],"tags":[],"_links":{"self":[{"href":"http:\/\/brands.com.tn\/fr\/wp-json\/wp\/v2\/posts\/7655"}],"collection":[{"href":"http:\/\/brands.com.tn\/fr\/wp-json\/wp\/v2\/posts"}],"about":[{"href":"http:\/\/brands.com.tn\/fr\/wp-json\/wp\/v2\/types\/post"}],"author":[{"embeddable":true,"href":"http:\/\/brands.com.tn\/fr\/wp-json\/wp\/v2\/users\/1"}],"replies":[{"embeddable":true,"href":"http:\/\/brands.com.tn\/fr\/wp-json\/wp\/v2\/comments?post=7655"}],"version-history":[{"count":1,"href":"http:\/\/brands.com.tn\/fr\/wp-json\/wp\/v2\/posts\/7655\/revisions"}],"predecessor-version":[{"id":7657,"href":"http:\/\/brands.com.tn\/fr\/wp-json\/wp\/v2\/posts\/7655\/revisions\/7657"}],"wp:featuredmedia":[{"embeddable":true,"href":"http:\/\/brands.com.tn\/fr\/wp-json\/wp\/v2\/media\/7656"}],"wp:attachment":[{"href":"http:\/\/brands.com.tn\/fr\/wp-json\/wp\/v2\/media?parent=7655"}],"wp:term":[{"taxonomy":"category","embeddable":true,"href":"http:\/\/brands.com.tn\/fr\/wp-json\/wp\/v2\/categories?post=7655"},{"taxonomy":"post_tag","embeddable":true,"href":"http:\/\/brands.com.tn\/fr\/wp-json\/wp\/v2\/tags?post=7655"}],"curies":[{"name":"wp","href":"https:\/\/api.w.org\/{rel}","templated":true}]}}