{"id":7751,"date":"2025-03-02T14:20:21","date_gmt":"2025-03-02T13:20:21","guid":{"rendered":"https:\/\/brands.com.tn\/fr\/?p=7751"},"modified":"2025-03-02T14:20:23","modified_gmt":"2025-03-02T13:20:23","slug":"usine-de-cuir-met-plus-de-200-ouvriers-et-ouvrieres-au-chomage","status":"publish","type":"post","link":"http:\/\/brands.com.tn\/fr\/2025\/03\/02\/usine-de-cuir-met-plus-de-200-ouvriers-et-ouvrieres-au-chomage\/","title":{"rendered":"Usine de cuir  met plus de 200 ouvriers et ouvri\u00e8res au ch\u00f4mage"},"content":{"rendered":"\n<p>Un certain nombre d&rsquo;ouvriers et d&rsquo;ouvri\u00e8res de l&rsquo;entreprise \u00ab\u00a0Mertak\u00a0\u00bb, sp\u00e9cialis\u00e9e dans la fabrication de produits en cuir et situ\u00e9e dans la zone industrielle de Menzel Bourguiba, ont \u00e9t\u00e9 surpris, hier soir, vendredi 28 f\u00e9vrier 2025, en quittant leur lieu de travail, de d\u00e9couvrir leurs noms et leurs photos affich\u00e9s sur des listes accroch\u00e9es \u00e0 la porte de sortie, les informant ainsi de leur licenciement et de l&rsquo;arr\u00eat de leur activit\u00e9. C&rsquo;est ce qu&rsquo;ont rapport\u00e9 plusieurs d&rsquo;entre eux \u00e0 Rida Helal, correspondant de IFM \u00e0 Bizerte, ce matin lors de leur rassemblement devant l&rsquo;usine.<\/p>\n\n\n\n<p>Ces employ\u00e9s ont exprim\u00e9 leur indignation et leur sentiment d&rsquo;injustice face \u00e0 cette d\u00e9cision, d&rsquo;autant plus qu&rsquo;elle intervient \u00e0 l&rsquo;approche du mois sacr\u00e9 de Ramadan. Pour beaucoup, l&rsquo;usine repr\u00e9sente leur unique source de revenus, et parmi les licenci\u00e9s, certains y travaillent depuis plusieurs ann\u00e9es. Plusieurs d&rsquo;entre eux subviennent aux besoins de familles d\u00e9munies, comprenant des personnes malades ou en situation de handicap.<\/p>\n","protected":false},"excerpt":{"rendered":"<p>Un certain nombre d&rsquo;ouvriers et d&rsquo;ouvri\u00e8res de l&rsquo;entreprise \u00ab\u00a0Mertak\u00a0\u00bb, sp\u00e9cialis\u00e9e dans la fabrication de produits en cuir et situ\u00e9e dans la zone industrielle de Menzel Bourguiba, ont \u00e9t\u00e9 surpris, hier soir, vendredi 28 f\u00e9vrier 2025, en quittant leur lieu de travail, de d\u00e9couvrir leurs noms et leurs photos affich\u00e9s sur des listes accroch\u00e9es \u00e0 la [&hellip;]<\/p>\n","protected":false},"author":1,"featured_media":7752,"comment_status":"open","ping_status":"open","sticky":false,"template":"","format":"standard","meta":[],"categories":[49],"tags":[],"_links":{"self":[{"href":"http:\/\/brands.com.tn\/fr\/wp-json\/wp\/v2\/posts\/7751"}],"collection":[{"href":"http:\/\/brands.com.tn\/fr\/wp-json\/wp\/v2\/posts"}],"about":[{"href":"http:\/\/brands.com.tn\/fr\/wp-json\/wp\/v2\/types\/post"}],"author":[{"embeddable":true,"href":"http:\/\/brands.com.tn\/fr\/wp-json\/wp\/v2\/users\/1"}],"replies":[{"embeddable":true,"href":"http:\/\/brands.com.tn\/fr\/wp-json\/wp\/v2\/comments?post=7751"}],"version-history":[{"count":1,"href":"http:\/\/brands.com.tn\/fr\/wp-json\/wp\/v2\/posts\/7751\/revisions"}],"predecessor-version":[{"id":7753,"href":"http:\/\/brands.com.tn\/fr\/wp-json\/wp\/v2\/posts\/7751\/revisions\/7753"}],"wp:featuredmedia":[{"embeddable":true,"href":"http:\/\/brands.com.tn\/fr\/wp-json\/wp\/v2\/media\/7752"}],"wp:attachment":[{"href":"http:\/\/brands.com.tn\/fr\/wp-json\/wp\/v2\/media?parent=7751"}],"wp:term":[{"taxonomy":"category","embeddable":true,"href":"http:\/\/brands.com.tn\/fr\/wp-json\/wp\/v2\/categories?post=7751"},{"taxonomy":"post_tag","embeddable":true,"href":"http:\/\/brands.com.tn\/fr\/wp-json\/wp\/v2\/tags?post=7751"}],"curies":[{"name":"wp","href":"https:\/\/api.w.org\/{rel}","templated":true}]}}