{"id":7763,"date":"2025-03-06T15:44:40","date_gmt":"2025-03-06T14:44:40","guid":{"rendered":"https:\/\/brands.com.tn\/fr\/?p=7763"},"modified":"2025-03-06T15:44:42","modified_gmt":"2025-03-06T14:44:42","slug":"hyundai-tunisie-moins-de-taxes-plus-de-vert","status":"publish","type":"post","link":"http:\/\/brands.com.tn\/fr\/2025\/03\/06\/hyundai-tunisie-moins-de-taxes-plus-de-vert\/","title":{"rendered":"Hyundai Tunisie : Moins de taxes, plus de vert !"},"content":{"rendered":"\n<p><strong>Alpha Hyundai Motor, distributeur officiel de la firme automobile sud-cor\u00e9enne Hyundai en Tunisie a le plaisir d\u2019informer ses clients que, conform\u00e9ment aux nouvelles r\u00e9glementations r\u00e9cemment adopt\u00e9es par l\u2019Agence Technique des Transports Terrestres (ATTT) et le Minist\u00e8re des Transports, les puissances fiscales de plusieurs mod\u00e8les de v\u00e9hicules \u00e9lectriques Hyundai ont \u00e9t\u00e9 ajust\u00e9es, entra\u00eenant une r\u00e9duction significative des co\u00fbts d\u2019usage pour les utilisateurs.<\/strong><\/p>\n\n\n\n<p>Cette r\u00e9vision r\u00e9sulte d\u2019un travail conjoint entre la Direction G\u00e9n\u00e9rale des Douanes, via sa direction du tarif, et l\u2019ATTT. Ensemble, ces institutions ont entrepris une r\u00e9vision du bar\u00e8me de calcul fiscal pour les v\u00e9hicules \u00e9lectriques afin de faciliter l\u2019acc\u00e8s \u00e0 une mobilit\u00e9 durable et r\u00e9duire les charges financi\u00e8res li\u00e9es \u00e0 l\u2019utilisation de ces v\u00e9hicules. Pour les entreprises et les flottes, ce nouvel all\u00e8gement fiscal se r\u00e9v\u00e8le particuli\u00e8rement avantageux : en r\u00e9duisant la puissance fiscale sous le seuil des 9 CV, il devient possible pour les professionnels de b\u00e9n\u00e9ficier de dispositifs d\u2019amortissement financier pour l\u2019achat de v\u00e9hicules \u00e9lectriques. Ce cadre fiscal renouvel\u00e9 est donc une opportunit\u00e9 pour les entreprises de r\u00e9duire leurs co\u00fbts op\u00e9rationnels tout en contribuant activement \u00e0 la transition \u00e9cologique, et ce, en int\u00e9grant des v\u00e9hicules plus respectueux de l\u2019environnement dans leurs parcs automobiles.<\/p>\n\n\n\n<p>De plus, Hyundai Tunisie s\u2019engage \u00e0 accompagner cette transition de mani\u00e8re proactive en prenant en charge la rectification des puissances fiscales sur les cartes grises d\u00e9j\u00e0 \u00e9tablies pour les v\u00e9hicules \u00e9lectriques d\u00e9j\u00e0 commercialis\u00e9s. Les clients existants pourront ainsi profiter des nouveaux avantages fiscaux sans frais suppl\u00e9mentaires, garantissant une exp\u00e9rience client fluide et \u00e9quitable.<\/p>\n\n\n\n<p>Ces nouvelles mesures, en vigueur imm\u00e9diatement, apportent des ajustements significatifs aux puissances fiscales de plusieurs mod\u00e8les Hyundai, permettant aux propri\u00e9taires de b\u00e9n\u00e9ficier de co\u00fbts fiscaux plus avantageux et renfor\u00e7ant les avantages li\u00e9s \u00e0 la possession d\u2019un v\u00e9hicule \u00e9lectrique Hyundai. Les mod\u00e8les et les r\u00e9ductions appliqu\u00e9es sont les suivants :<\/p>\n\n\n\n<figure class=\"wp-block-table\"><table><tbody><tr><td><strong>Type<\/strong><\/td><td><strong>Mod\u00e8le<\/strong><\/td><td><strong>Puissance fiscale initiale<\/strong><\/td><td><strong>Puissance fiscale corrig\u00e9e<\/strong><\/td><\/tr><tr><td>K281HF<\/td><td>Kona EV<\/td><td>11 cv<\/td><td>3 cv<\/td><\/tr><tr><td>KM81BF<\/td><td>IONIQ5<\/td><td>9 cv<\/td><td>3 cv<\/td><\/tr><tr><td>KM81CP<\/td><td>IONIQ5<\/td><td>19 cv<\/td><td>5 cv<\/td><\/tr><tr><td>KR81FP<\/td><td>IONIQ5&nbsp;&nbsp;&nbsp;&nbsp;&nbsp;&nbsp;&nbsp;&nbsp;&nbsp;&nbsp;&nbsp;&nbsp;&nbsp;&nbsp;&nbsp;&nbsp;&nbsp;&nbsp;&nbsp;&nbsp;&nbsp;&nbsp;&nbsp;&nbsp;<\/td><td>21 cv<\/td><td>6 cv<\/td><\/tr><\/tbody><\/table><\/figure>\n\n\n\n<p>En r\u00e9duisant la puissance fiscale de ces mod\u00e8les, Hyundai Tunisie esp\u00e8re all\u00e9ger la charge fiscale de ses clients, tout en soutenant les initiatives locales de promotion des v\u00e9hicules \u00e9lectriques. Ces nouvelles valeurs fiscales, nettement r\u00e9duites, permettent de diminuer les frais d\u2019immatriculation et les taxes annuelles des mod\u00e8les concern\u00e9s, rendant ainsi l\u2019acquisition d\u2019un v\u00e9hicule \u00e9lectrique Hyundai abordable.<\/p>\n\n\n\n<p>Hyundai Tunisiereste activement impliqu\u00e9 dans sa d\u00e9marche de promotion d\u2019une mobilit\u00e9 respectueuse de l\u2019environnement. Nos mod\u00e8les \u00e9lectriques, comme la Kona EV et la gamme IONIQ5, sont con\u00e7us pour offrir une performance optimale et un confort de conduite unique, tout en r\u00e9pondant aux exigences environnementales actuelles. Avec ces r\u00e9visions fiscales, Hyundai Tunisie poursuit sa mission de rendre la mobilit\u00e9 \u00e9lectrique accessible au plus grand nombre, en aidant ses clients \u00e0 \u00e9conomiser et en participant activement \u00e0 la r\u00e9duction de l&#8217;empreinte carbone.<\/p>\n\n\n\n<p>Les \u00e9quipes de Hyundai Tunisie se tiennent \u00e0 la disposition de leurs clients pour les accompagner dans leur choix de v\u00e9hicule \u00e9lectrique et pour r\u00e9pondre \u00e0 toutes les questions concernant les nouvelles puissances fiscales. Rendez-vous dans les showrooms Hyundai pour d\u00e9couvrir la gamme \u00e9lectrique et pour b\u00e9n\u00e9ficier des conseils des experts en mobilit\u00e9 durable.<\/p>\n\n\n\n<p>Ensemble, contribuons \u00e0 une Tunisie plus verte et construisons l\u2019avenir de la mobilit\u00e9.<\/p>\n\n\n\n<figure class=\"wp-block-gallery has-nested-images columns-default is-cropped\">\n<figure class=\"wp-block-image size-large\"><img loading=\"lazy\" width=\"1024\" height=\"1024\" data-id=\"7766\"  src=\"https:\/\/brands.com.tn\/fr\/wp-content\/uploads\/2025\/03\/kona-electr-1024x1024.png\" alt=\"\" class=\"wp-image-7766\" srcset=\"http:\/\/brands.com.tn\/fr\/wp-content\/uploads\/2025\/03\/kona-electr-1024x1024.png 1024w, http:\/\/brands.com.tn\/fr\/wp-content\/uploads\/2025\/03\/kona-electr-300x300.png 300w, http:\/\/brands.com.tn\/fr\/wp-content\/uploads\/2025\/03\/kona-electr-150x150.png 150w, http:\/\/brands.com.tn\/fr\/wp-content\/uploads\/2025\/03\/kona-electr-768x768.png 768w, http:\/\/brands.com.tn\/fr\/wp-content\/uploads\/2025\/03\/kona-electr.png 1080w\" sizes=\"(max-width: 1024px) 100vw, 1024px\" \/><\/figure>\n\n\n\n<figure class=\"wp-block-image size-large\"><img loading=\"lazy\" width=\"1024\" height=\"1024\" data-id=\"7765\"  src=\"https:\/\/brands.com.tn\/fr\/wp-content\/uploads\/2025\/03\/ioniq-puissances-fiscales-1024x1024.png\" alt=\"\" class=\"wp-image-7765\" srcset=\"http:\/\/brands.com.tn\/fr\/wp-content\/uploads\/2025\/03\/ioniq-puissances-fiscales-1024x1024.png 1024w, http:\/\/brands.com.tn\/fr\/wp-content\/uploads\/2025\/03\/ioniq-puissances-fiscales-300x300.png 300w, http:\/\/brands.com.tn\/fr\/wp-content\/uploads\/2025\/03\/ioniq-puissances-fiscales-150x150.png 150w, http:\/\/brands.com.tn\/fr\/wp-content\/uploads\/2025\/03\/ioniq-puissances-fiscales-768x768.png 768w, http:\/\/brands.com.tn\/fr\/wp-content\/uploads\/2025\/03\/ioniq-puissances-fiscales.png 1080w\" sizes=\"(max-width: 1024px) 100vw, 1024px\" \/><\/figure>\n<\/figure>\n","protected":false},"excerpt":{"rendered":"<p>Alpha Hyundai Motor, distributeur officiel de la firme automobile sud-cor\u00e9enne Hyundai en Tunisie a le plaisir d\u2019informer ses clients que, conform\u00e9ment aux nouvelles r\u00e9glementations r\u00e9cemment adopt\u00e9es par l\u2019Agence Technique des Transports Terrestres (ATTT) et le Minist\u00e8re des Transports, les puissances fiscales de plusieurs mod\u00e8les de v\u00e9hicules \u00e9lectriques Hyundai ont \u00e9t\u00e9 ajust\u00e9es, entra\u00eenant une r\u00e9duction significative [&hellip;]<\/p>\n","protected":false},"author":1,"featured_media":7764,"comment_status":"open","ping_status":"open","sticky":false,"template":"","format":"standard","meta":[],"categories":[42],"tags":[],"_links":{"self":[{"href":"http:\/\/brands.com.tn\/fr\/wp-json\/wp\/v2\/posts\/7763"}],"collection":[{"href":"http:\/\/brands.com.tn\/fr\/wp-json\/wp\/v2\/posts"}],"about":[{"href":"http:\/\/brands.com.tn\/fr\/wp-json\/wp\/v2\/types\/post"}],"author":[{"embeddable":true,"href":"http:\/\/brands.com.tn\/fr\/wp-json\/wp\/v2\/users\/1"}],"replies":[{"embeddable":true,"href":"http:\/\/brands.com.tn\/fr\/wp-json\/wp\/v2\/comments?post=7763"}],"version-history":[{"count":1,"href":"http:\/\/brands.com.tn\/fr\/wp-json\/wp\/v2\/posts\/7763\/revisions"}],"predecessor-version":[{"id":7767,"href":"http:\/\/brands.com.tn\/fr\/wp-json\/wp\/v2\/posts\/7763\/revisions\/7767"}],"wp:featuredmedia":[{"embeddable":true,"href":"http:\/\/brands.com.tn\/fr\/wp-json\/wp\/v2\/media\/7764"}],"wp:attachment":[{"href":"http:\/\/brands.com.tn\/fr\/wp-json\/wp\/v2\/media?parent=7763"}],"wp:term":[{"taxonomy":"category","embeddable":true,"href":"http:\/\/brands.com.tn\/fr\/wp-json\/wp\/v2\/categories?post=7763"},{"taxonomy":"post_tag","embeddable":true,"href":"http:\/\/brands.com.tn\/fr\/wp-json\/wp\/v2\/tags?post=7763"}],"curies":[{"name":"wp","href":"https:\/\/api.w.org\/{rel}","templated":true}]}}