{"id":7938,"date":"2025-05-02T22:56:23","date_gmt":"2025-05-02T21:56:23","guid":{"rendered":"https:\/\/brands.com.tn\/fr\/?p=7938"},"modified":"2025-05-02T22:56:25","modified_gmt":"2025-05-02T21:56:25","slug":"byd-tunisie-et-lassociation-graines-dentrepreneurs-organisent-des-ateliers-educatifs-pour-les-eleves-de-lecole-maarif-afin-de-renforcer-leurs-connaissances-sur-la-transition","status":"publish","type":"post","link":"http:\/\/brands.com.tn\/fr\/2025\/05\/02\/byd-tunisie-et-lassociation-graines-dentrepreneurs-organisent-des-ateliers-educatifs-pour-les-eleves-de-lecole-maarif-afin-de-renforcer-leurs-connaissances-sur-la-transition\/","title":{"rendered":"BYD Tunisie et l\u2019association Graines d\u2019Entrepreneurs organisent des ateliers \u00e9ducatifs pour les \u00e9l\u00e8ves de l\u2019\u00e9cole Maarif afin de renforcer leurs connaissances sur la transition \u00e9nerg\u00e9tique et l\u2019innovation responsable (photos) \ufffc"},"content":{"rendered":"\n<p>Une journ\u00e9e immersive pour former les leaders de demain \u00e0 l\u2019innovation et \u00e0 la mobilit\u00e9 durable<\/p>\n\n\n\n<p>Tunis, 28 Avril 2025 \u2013 Dans un monde o\u00f9 l\u2019urgence climatique impose des r\u00e9ponses concr\u00e8tes, BYD Tunisie et l\u2019association Graines d\u2019Entrepreneurs ont uni leurs forces pour initier les leaders de demain \u00e0 la transition \u00e9nerg\u00e9tique et \u00e0 l\u2019innovation responsable.<\/p>\n\n\n\n<p>Le 28 avril 2025, plus de 40 \u00e9l\u00e8ves de \u2018\u2019<strong>l\u2019International Maarif Schoolsof Tunisia\u2019\u2019<\/strong> ont \u00e9t\u00e9 re\u00e7us dans les locaux de BYD pour vivre une journ\u00e9e immersive autour de la mobilit\u00e9 \u00e9lectrique, de l\u2019\u00e9cologie, et de l\u2019esprit entrepreneurial.<\/p>\n\n\n\n<p><strong>Une immersion \u00e9ducative au c\u0153ur de l\u2019innovation<\/strong><\/p>\n\n\n\n<p>D\u00e8s leur arriv\u00e9e, les \u00e9l\u00e8ves ont plong\u00e9 dans l\u2019univers de BYD, pionnier mondial du v\u00e9hicule \u00e9lectrique, en d\u00e9couvrant les coulisses des technologies propres : batteries LFP, z\u00e9ro \u00e9mission, intelligence embarqu\u00e9e, etc.<\/p>\n\n\n\n<p>Accompagn\u00e9s par l\u2019\u00e9quipe de Graines d\u2019Entrepreneurs, ils ont particip\u00e9 \u00e0 des ateliers stimulants autour de probl\u00e9matiques actuelles :<\/p>\n\n\n\n<ul><li>Comment r\u00e9duire l\u2019impact environnemental des d\u00e9placements ?<\/li><\/ul>\n\n\n\n<ul><li>Quels nouveaux services durables pour les villes de demain ?<\/li><\/ul>\n\n\n\n<ul><li>Comment innover pour prot\u00e9ger la plan\u00e8te ?<\/li><\/ul>\n\n\n\n<p>Par petits groupes, les \u00e9l\u00e8ves ont prototyp\u00e9 leurs propres id\u00e9es, qu\u2019ils ont ensuite pr\u00e9sent\u00e9es en fin de journ\u00e9e. Parmi les concepts propos\u00e9s : une navette scolaire solaire, une appli de covoiturage entre jeunes, ou encore un r\u00e9seau de microstations de recharge dans les quartiers.<\/p>\n\n\n\n<p><strong>Une reconnaissance symbolique pour une g\u00e9n\u00e9ration prometteuse<\/strong><\/p>\n\n\n\n<p>Pour cl\u00f4turer cette journ\u00e9e riche en apprentissages et en inspiration, BYD Tunisie a remis \u00e0 chaque participant une m\u00e9daille et un certificat de participation, honorant leur cr\u00e9ativit\u00e9 et leur engagement. Tous ont \u00e9t\u00e9 officiellement d\u00e9sign\u00e9s <strong>\u201cBYD Next Generation Heroes\u201d,<\/strong> une distinction symbolique qui salue leur r\u00f4le d\u2019ambassadeurs d\u2019un futur durable.<\/p>\n\n\n\n<p><strong>Une rencontre interg\u00e9n\u00e9rationnelle et inspirante<\/strong><\/p>\n\n\n\n<p>\u00ab\u00a0Ces jeunes ont des id\u00e9es extraordinaires. Il faut leur donner les outils pour les transformer en solutions concr\u00e8tes\u00a0\u00bb, a d\u00e9clar\u00e9 &nbsp;&nbsp;&nbsp;&nbsp;&nbsp;&nbsp;&nbsp;&nbsp;&nbsp;&nbsp;&nbsp;&nbsp;&nbsp; Mariem Khouili, Responsable Marketing, chez BYD Tunisie.<\/p>\n\n\n\n<p>C\u00f4t\u00e9 \u00e9l\u00e8ves, l\u2019enthousiasme \u00e9tait palpable. \u00ab\u00a0Je ne savais pas qu\u2019une voiture \u00e9lectrique pouvait \u00eatre aussi technologique ! J\u2019aimerais en cr\u00e9er une moi-m\u00eame plus tard\u00a0\u00bb, a lanc\u00e9 Fatma, 13 ans, \u00e9merveill\u00e9e apr\u00e8s sa visite dans le showroom BYD.<\/p>\n\n\n\n<p><strong>Une vision partag\u00e9e : transmettre pour transformer<\/strong><\/p>\n\n\n\n<p>Au-del\u00e0 d\u2019un simple atelier, cette initiative incarne une philosophie commune : semer chez les jeunes la conscience environnementale, la curiosit\u00e9 technologique, et le go\u00fbt d\u2019entreprendre.<\/p>\n\n\n\n<p>Avec cette action, BYD Tunisie confirme sa volont\u00e9 d\u2019agir en acteur engag\u00e9 de la soci\u00e9t\u00e9 tunisienne, et Graines d\u2019Entrepreneurs poursuit sa mission d\u2019\u00e9veiller les talents de demain.<\/p>\n\n\n\n<p>\u201cL\u2019innovation ne peut pas attendre. Et l\u2019\u00e9ducation est notre meilleur levier pour l\u2019acc\u00e9l\u00e9rer.\u201d<\/p>\n\n\n\n<p><strong>Et ce n\u2019est qu\u2019un d\u00e9but.<\/strong><\/p>\n\n\n\n<p>Inspir\u00e9e par l\u2019enthousiasme des \u00e9l\u00e8ves et la richesse des \u00e9changes, BYD Tunisie ambitionne de faire de \u201cNext Generation Heroes\u201d un programme \u00e9ducatif r\u00e9current. L\u2019objectif : collaborer avec d\u2019autres \u00e9tablissements scolaires \u00e0 travers la Tunisie, en int\u00e9grant cette d\u00e9marche dans une strat\u00e9gie plus large de sensibilisation \u00e0 l\u2019innovation durable, port\u00e9e par les jeunes eux-m\u00eames.<\/p>\n\n\n\n<figure class=\"wp-block-gallery has-nested-images columns-default is-cropped\">\n<figure class=\"wp-block-image size-large\"><img loading=\"lazy\" width=\"945\" height=\"630\" data-id=\"7941\"  src=\"https:\/\/brands.com.tn\/fr\/wp-content\/uploads\/2025\/05\/2-1.jpg\" alt=\"\" class=\"wp-image-7941\" srcset=\"http:\/\/brands.com.tn\/fr\/wp-content\/uploads\/2025\/05\/2-1.jpg 945w, http:\/\/brands.com.tn\/fr\/wp-content\/uploads\/2025\/05\/2-1-300x200.jpg 300w, http:\/\/brands.com.tn\/fr\/wp-content\/uploads\/2025\/05\/2-1-768x512.jpg 768w\" sizes=\"(max-width: 945px) 100vw, 945px\" \/><\/figure>\n\n\n\n<figure class=\"wp-block-image size-large\"><img loading=\"lazy\" width=\"683\" height=\"1024\" data-id=\"7946\"  src=\"https:\/\/brands.com.tn\/fr\/wp-content\/uploads\/2025\/05\/3-683x1024.jpg\" alt=\"\" class=\"wp-image-7946\" srcset=\"http:\/\/brands.com.tn\/fr\/wp-content\/uploads\/2025\/05\/3-683x1024.jpg 683w, http:\/\/brands.com.tn\/fr\/wp-content\/uploads\/2025\/05\/3-200x300.jpg 200w, http:\/\/brands.com.tn\/fr\/wp-content\/uploads\/2025\/05\/3-768x1152.jpg 768w, http:\/\/brands.com.tn\/fr\/wp-content\/uploads\/2025\/05\/3-1024x1536.jpg 1024w, http:\/\/brands.com.tn\/fr\/wp-content\/uploads\/2025\/05\/3-1365x2048.jpg 1365w, http:\/\/brands.com.tn\/fr\/wp-content\/uploads\/2025\/05\/3-scaled.jpg 1707w\" sizes=\"(max-width: 683px) 100vw, 683px\" \/><\/figure>\n\n\n\n<figure class=\"wp-block-image size-large\"><img loading=\"lazy\" width=\"945\" height=\"630\" data-id=\"7943\"  src=\"https:\/\/brands.com.tn\/fr\/wp-content\/uploads\/2025\/05\/6.jpg\" alt=\"\" class=\"wp-image-7943\" srcset=\"http:\/\/brands.com.tn\/fr\/wp-content\/uploads\/2025\/05\/6.jpg 945w, http:\/\/brands.com.tn\/fr\/wp-content\/uploads\/2025\/05\/6-300x200.jpg 300w, http:\/\/brands.com.tn\/fr\/wp-content\/uploads\/2025\/05\/6-768x512.jpg 768w\" sizes=\"(max-width: 945px) 100vw, 945px\" \/><\/figure>\n\n\n\n<figure class=\"wp-block-image size-large\"><img loading=\"lazy\" width=\"945\" height=\"630\" data-id=\"7942\"  src=\"https:\/\/brands.com.tn\/fr\/wp-content\/uploads\/2025\/05\/7.jpg\" alt=\"\" class=\"wp-image-7942\" srcset=\"http:\/\/brands.com.tn\/fr\/wp-content\/uploads\/2025\/05\/7.jpg 945w, http:\/\/brands.com.tn\/fr\/wp-content\/uploads\/2025\/05\/7-300x200.jpg 300w, http:\/\/brands.com.tn\/fr\/wp-content\/uploads\/2025\/05\/7-768x512.jpg 768w\" sizes=\"(max-width: 945px) 100vw, 945px\" \/><\/figure>\n\n\n\n<figure class=\"wp-block-image size-large\"><img loading=\"lazy\" width=\"945\" height=\"630\" data-id=\"7940\"  src=\"https:\/\/brands.com.tn\/fr\/wp-content\/uploads\/2025\/05\/11.jpg\" alt=\"\" class=\"wp-image-7940\" srcset=\"http:\/\/brands.com.tn\/fr\/wp-content\/uploads\/2025\/05\/11.jpg 945w, http:\/\/brands.com.tn\/fr\/wp-content\/uploads\/2025\/05\/11-300x200.jpg 300w, http:\/\/brands.com.tn\/fr\/wp-content\/uploads\/2025\/05\/11-768x512.jpg 768w\" sizes=\"(max-width: 945px) 100vw, 945px\" \/><\/figure>\n<\/figure>\n","protected":false},"excerpt":{"rendered":"<p>Une journ\u00e9e immersive pour former les leaders de demain \u00e0 l\u2019innovation et \u00e0 la mobilit\u00e9 durable Tunis, 28 Avril 2025 \u2013 Dans un monde o\u00f9 l\u2019urgence climatique impose des r\u00e9ponses concr\u00e8tes, BYD Tunisie et l\u2019association Graines d\u2019Entrepreneurs ont uni leurs forces pour initier les leaders de demain \u00e0 la transition \u00e9nerg\u00e9tique et \u00e0 l\u2019innovation responsable. [&hellip;]<\/p>\n","protected":false},"author":1,"featured_media":7939,"comment_status":"open","ping_status":"open","sticky":false,"template":"","format":"standard","meta":[],"categories":[42],"tags":[],"_links":{"self":[{"href":"http:\/\/brands.com.tn\/fr\/wp-json\/wp\/v2\/posts\/7938"}],"collection":[{"href":"http:\/\/brands.com.tn\/fr\/wp-json\/wp\/v2\/posts"}],"about":[{"href":"http:\/\/brands.com.tn\/fr\/wp-json\/wp\/v2\/types\/post"}],"author":[{"embeddable":true,"href":"http:\/\/brands.com.tn\/fr\/wp-json\/wp\/v2\/users\/1"}],"replies":[{"embeddable":true,"href":"http:\/\/brands.com.tn\/fr\/wp-json\/wp\/v2\/comments?post=7938"}],"version-history":[{"count":1,"href":"http:\/\/brands.com.tn\/fr\/wp-json\/wp\/v2\/posts\/7938\/revisions"}],"predecessor-version":[{"id":7949,"href":"http:\/\/brands.com.tn\/fr\/wp-json\/wp\/v2\/posts\/7938\/revisions\/7949"}],"wp:featuredmedia":[{"embeddable":true,"href":"http:\/\/brands.com.tn\/fr\/wp-json\/wp\/v2\/media\/7939"}],"wp:attachment":[{"href":"http:\/\/brands.com.tn\/fr\/wp-json\/wp\/v2\/media?parent=7938"}],"wp:term":[{"taxonomy":"category","embeddable":true,"href":"http:\/\/brands.com.tn\/fr\/wp-json\/wp\/v2\/categories?post=7938"},{"taxonomy":"post_tag","embeddable":true,"href":"http:\/\/brands.com.tn\/fr\/wp-json\/wp\/v2\/tags?post=7938"}],"curies":[{"name":"wp","href":"https:\/\/api.w.org\/{rel}","templated":true}]}}