{"id":8200,"date":"2025-09-08T21:23:23","date_gmt":"2025-09-08T20:23:23","guid":{"rendered":"https:\/\/brands.com.tn\/fr\/?p=8200"},"modified":"2025-09-08T21:23:24","modified_gmt":"2025-09-08T20:23:24","slug":"le-nouvel-opel-grandland-arrive-sur-le-marche-tunisien-qualite-allemande-a-partir-de-117-900-dinars-%ef%bf%bc","status":"publish","type":"post","link":"http:\/\/brands.com.tn\/fr\/2025\/09\/08\/le-nouvel-opel-grandland-arrive-sur-le-marche-tunisien-qualite-allemande-a-partir-de-117-900-dinars-%ef%bf%bc\/","title":{"rendered":"Le nouvel Opel Grandland arrive sur le march\u00e9 tunisien : qualit\u00e9 allemande \u00e0 partir de 117.900 dinars \ufffc"},"content":{"rendered":"\n<p>Le SUV allemand <strong>Opel Grandland 1.6 L Turbo GS Line BVA<\/strong> fait officiellement son entr\u00e9e sur le march\u00e9 tunisien. Il vient renforcer la position de la marque Opel dans le segment tr\u00e8s comp\u00e9titif des SUV. Ce mod\u00e8le se distingue par un design moderne, une fiabilit\u00e9 m\u00e9canique \u00e9lev\u00e9e et une technologie de pointe, avec un prix de d\u00e9part fix\u00e9 \u00e0 <strong>117.900 dinars<\/strong>.<\/p>\n\n\n\n<figure class=\"wp-block-gallery has-nested-images columns-default is-cropped\">\n<figure class=\"wp-block-image size-large\"><img loading=\"lazy\" width=\"1024\" height=\"576\" data-id=\"8202\"  src=\"https:\/\/brands.com.tn\/fr\/wp-content\/uploads\/2025\/09\/10-1-1024x576.jpg\" alt=\"\" class=\"wp-image-8202\" srcset=\"http:\/\/brands.com.tn\/fr\/wp-content\/uploads\/2025\/09\/10-1-1024x576.jpg 1024w, http:\/\/brands.com.tn\/fr\/wp-content\/uploads\/2025\/09\/10-1-300x169.jpg 300w, http:\/\/brands.com.tn\/fr\/wp-content\/uploads\/2025\/09\/10-1-768x432.jpg 768w, http:\/\/brands.com.tn\/fr\/wp-content\/uploads\/2025\/09\/10-1-1536x864.jpg 1536w, http:\/\/brands.com.tn\/fr\/wp-content\/uploads\/2025\/09\/10-1.jpg 1920w\" sizes=\"(max-width: 1024px) 100vw, 1024px\" \/><\/figure>\n\n\n\n<figure class=\"wp-block-image size-large\"><img loading=\"lazy\" width=\"1024\" height=\"576\" data-id=\"8203\"  src=\"https:\/\/brands.com.tn\/fr\/wp-content\/uploads\/2025\/09\/12-1-1024x576.jpg\" alt=\"\" class=\"wp-image-8203\" srcset=\"http:\/\/brands.com.tn\/fr\/wp-content\/uploads\/2025\/09\/12-1-1024x576.jpg 1024w, http:\/\/brands.com.tn\/fr\/wp-content\/uploads\/2025\/09\/12-1-300x169.jpg 300w, http:\/\/brands.com.tn\/fr\/wp-content\/uploads\/2025\/09\/12-1-768x432.jpg 768w, http:\/\/brands.com.tn\/fr\/wp-content\/uploads\/2025\/09\/12-1-1536x864.jpg 1536w, http:\/\/brands.com.tn\/fr\/wp-content\/uploads\/2025\/09\/12-1.jpg 1920w\" sizes=\"(max-width: 1024px) 100vw, 1024px\" \/><\/figure>\n<\/figure>\n\n\n\n<h4><strong>Moteur et performances<\/strong><\/h4>\n\n\n\n<p>Le v\u00e9hicule est \u00e9quip\u00e9 d\u2019un moteur <strong>Essence Turbo<\/strong> de 1,6 litre, d\u00e9veloppant <strong>165 ch<\/strong> et un couple de <strong>240 Nm \u00e0 1 400 tr\/min<\/strong>, associ\u00e9 \u00e0 une <strong>bo\u00eete automatique \u00e0 6 rapports<\/strong> et une transmission avant.<br>Le Grandland passe de 0 \u00e0 100 km\/h en <strong>9,5 secondes<\/strong> et atteint une vitesse maximale de <strong>200 km\/h<\/strong>.<\/p>\n\n\n\n<figure class=\"wp-block-gallery has-nested-images columns-default is-cropped\">\n<figure class=\"wp-block-image size-large\"><img loading=\"lazy\" width=\"1024\" height=\"576\" data-id=\"8204\"  src=\"https:\/\/brands.com.tn\/fr\/wp-content\/uploads\/2025\/09\/14-1024x576.jpg\" alt=\"\" class=\"wp-image-8204\" srcset=\"http:\/\/brands.com.tn\/fr\/wp-content\/uploads\/2025\/09\/14-1024x576.jpg 1024w, http:\/\/brands.com.tn\/fr\/wp-content\/uploads\/2025\/09\/14-300x169.jpg 300w, http:\/\/brands.com.tn\/fr\/wp-content\/uploads\/2025\/09\/14-768x432.jpg 768w, http:\/\/brands.com.tn\/fr\/wp-content\/uploads\/2025\/09\/14-1536x864.jpg 1536w, http:\/\/brands.com.tn\/fr\/wp-content\/uploads\/2025\/09\/14.jpg 1920w\" sizes=\"(max-width: 1024px) 100vw, 1024px\" \/><\/figure>\n<\/figure>\n\n\n\n<h4><strong>Dimensions et espace<\/strong><\/h4>\n\n\n\n<ul><li>Longueur : 4 477 mm<\/li><li>Largeur : 1 906 mm<\/li><li>Hauteur : 1 630 mm<\/li><li>Coffre : de <strong>514 L<\/strong> \u00e0 <strong>1 652 L<\/strong> si\u00e8ges arri\u00e8re rabattus.<\/li><\/ul>\n\n\n\n<figure class=\"wp-block-gallery has-nested-images columns-default is-cropped\">\n<figure class=\"wp-block-image size-large\"><img loading=\"lazy\" width=\"1024\" height=\"576\" data-id=\"8209\"  src=\"https:\/\/brands.com.tn\/fr\/wp-content\/uploads\/2025\/09\/4-1-1024x576.jpg\" alt=\"\" class=\"wp-image-8209\" srcset=\"http:\/\/brands.com.tn\/fr\/wp-content\/uploads\/2025\/09\/4-1-1024x576.jpg 1024w, http:\/\/brands.com.tn\/fr\/wp-content\/uploads\/2025\/09\/4-1-300x169.jpg 300w, http:\/\/brands.com.tn\/fr\/wp-content\/uploads\/2025\/09\/4-1-768x432.jpg 768w, http:\/\/brands.com.tn\/fr\/wp-content\/uploads\/2025\/09\/4-1-1536x864.jpg 1536w, http:\/\/brands.com.tn\/fr\/wp-content\/uploads\/2025\/09\/4-1.jpg 1920w\" sizes=\"(max-width: 1024px) 100vw, 1024px\" \/><\/figure>\n\n\n\n<figure class=\"wp-block-image size-large\"><img loading=\"lazy\" width=\"1024\" height=\"576\" data-id=\"8205\"  src=\"https:\/\/brands.com.tn\/fr\/wp-content\/uploads\/2025\/09\/8-1-1024x576.jpg\" alt=\"\" class=\"wp-image-8205\" srcset=\"http:\/\/brands.com.tn\/fr\/wp-content\/uploads\/2025\/09\/8-1-1024x576.jpg 1024w, http:\/\/brands.com.tn\/fr\/wp-content\/uploads\/2025\/09\/8-1-300x169.jpg 300w, http:\/\/brands.com.tn\/fr\/wp-content\/uploads\/2025\/09\/8-1-768x432.jpg 768w, http:\/\/brands.com.tn\/fr\/wp-content\/uploads\/2025\/09\/8-1-1536x864.jpg 1536w, http:\/\/brands.com.tn\/fr\/wp-content\/uploads\/2025\/09\/8-1.jpg 1920w\" sizes=\"(max-width: 1024px) 100vw, 1024px\" \/><\/figure>\n\n\n\n<figure class=\"wp-block-image size-large\"><img loading=\"lazy\" width=\"1024\" height=\"576\" data-id=\"8208\"  src=\"https:\/\/brands.com.tn\/fr\/wp-content\/uploads\/2025\/09\/10-2-1024x576.jpg\" alt=\"\" class=\"wp-image-8208\" srcset=\"http:\/\/brands.com.tn\/fr\/wp-content\/uploads\/2025\/09\/10-2-1024x576.jpg 1024w, http:\/\/brands.com.tn\/fr\/wp-content\/uploads\/2025\/09\/10-2-300x169.jpg 300w, http:\/\/brands.com.tn\/fr\/wp-content\/uploads\/2025\/09\/10-2-768x432.jpg 768w, http:\/\/brands.com.tn\/fr\/wp-content\/uploads\/2025\/09\/10-2-1536x864.jpg 1536w, http:\/\/brands.com.tn\/fr\/wp-content\/uploads\/2025\/09\/10-2.jpg 1920w\" sizes=\"(max-width: 1024px) 100vw, 1024px\" \/><\/figure>\n\n\n\n<figure class=\"wp-block-image size-large\"><img loading=\"lazy\" width=\"1024\" height=\"576\" data-id=\"8206\"  src=\"https:\/\/brands.com.tn\/fr\/wp-content\/uploads\/2025\/09\/16-1024x576.jpg\" alt=\"\" class=\"wp-image-8206\" srcset=\"http:\/\/brands.com.tn\/fr\/wp-content\/uploads\/2025\/09\/16-1024x576.jpg 1024w, http:\/\/brands.com.tn\/fr\/wp-content\/uploads\/2025\/09\/16-300x169.jpg 300w, http:\/\/brands.com.tn\/fr\/wp-content\/uploads\/2025\/09\/16-768x432.jpg 768w, http:\/\/brands.com.tn\/fr\/wp-content\/uploads\/2025\/09\/16-1536x864.jpg 1536w, http:\/\/brands.com.tn\/fr\/wp-content\/uploads\/2025\/09\/16.jpg 1920w\" sizes=\"(max-width: 1024px) 100vw, 1024px\" \/><\/figure>\n\n\n\n<figure class=\"wp-block-image size-large\"><img loading=\"lazy\" width=\"1024\" height=\"576\" data-id=\"8207\"  src=\"https:\/\/brands.com.tn\/fr\/wp-content\/uploads\/2025\/09\/17-1024x576.jpg\" alt=\"\" class=\"wp-image-8207\" srcset=\"http:\/\/brands.com.tn\/fr\/wp-content\/uploads\/2025\/09\/17-1024x576.jpg 1024w, http:\/\/brands.com.tn\/fr\/wp-content\/uploads\/2025\/09\/17-300x169.jpg 300w, http:\/\/brands.com.tn\/fr\/wp-content\/uploads\/2025\/09\/17-768x432.jpg 768w, http:\/\/brands.com.tn\/fr\/wp-content\/uploads\/2025\/09\/17-1536x864.jpg 1536w, http:\/\/brands.com.tn\/fr\/wp-content\/uploads\/2025\/09\/17.jpg 1920w\" sizes=\"(max-width: 1024px) 100vw, 1024px\" \/><\/figure>\n<\/figure>\n\n\n\n<h4><strong>S\u00e9curit\u00e9 et \u00e9quipements<\/strong><\/h4>\n\n\n\n<p>Le SUV int\u00e8gre les syst\u00e8mes de s\u00e9curit\u00e9 les plus r\u00e9cents : <strong>ABS, ESP, r\u00e9gulateur de vitesse, limiteur de vitesse<\/strong>, ainsi que <strong>6 airbags<\/strong> et le syst\u00e8me de fixation pour si\u00e8ges enfants <strong>ISOFIX<\/strong>.<br>Les aides \u00e0 la conduite comprennent notamment <strong>radars avant et arri\u00e8re, cam\u00e9ra de recul et Park Assist<\/strong>.<\/p>\n\n\n\n<figure class=\"wp-block-gallery has-nested-images columns-default is-cropped\">\n<figure class=\"wp-block-image size-large\"><img loading=\"lazy\" width=\"1024\" height=\"576\" data-id=\"8213\"  src=\"https:\/\/brands.com.tn\/fr\/wp-content\/uploads\/2025\/09\/3-1-1024x576.jpg\" alt=\"\" class=\"wp-image-8213\" srcset=\"http:\/\/brands.com.tn\/fr\/wp-content\/uploads\/2025\/09\/3-1-1024x576.jpg 1024w, http:\/\/brands.com.tn\/fr\/wp-content\/uploads\/2025\/09\/3-1-300x169.jpg 300w, http:\/\/brands.com.tn\/fr\/wp-content\/uploads\/2025\/09\/3-1-768x432.jpg 768w, http:\/\/brands.com.tn\/fr\/wp-content\/uploads\/2025\/09\/3-1-1536x864.jpg 1536w, http:\/\/brands.com.tn\/fr\/wp-content\/uploads\/2025\/09\/3-1.jpg 1920w\" sizes=\"(max-width: 1024px) 100vw, 1024px\" \/><\/figure>\n\n\n\n<figure class=\"wp-block-image size-large\"><img loading=\"lazy\" width=\"1024\" height=\"576\" data-id=\"8214\"  src=\"https:\/\/brands.com.tn\/fr\/wp-content\/uploads\/2025\/09\/6-1-1024x576.jpg\" alt=\"\" class=\"wp-image-8214\" srcset=\"http:\/\/brands.com.tn\/fr\/wp-content\/uploads\/2025\/09\/6-1-1024x576.jpg 1024w, http:\/\/brands.com.tn\/fr\/wp-content\/uploads\/2025\/09\/6-1-300x169.jpg 300w, http:\/\/brands.com.tn\/fr\/wp-content\/uploads\/2025\/09\/6-1-768x432.jpg 768w, http:\/\/brands.com.tn\/fr\/wp-content\/uploads\/2025\/09\/6-1-1536x864.jpg 1536w, http:\/\/brands.com.tn\/fr\/wp-content\/uploads\/2025\/09\/6-1.jpg 1920w\" sizes=\"(max-width: 1024px) 100vw, 1024px\" \/><\/figure>\n\n\n\n<figure class=\"wp-block-image size-large\"><img loading=\"lazy\" width=\"1024\" height=\"576\" data-id=\"8211\"  src=\"https:\/\/brands.com.tn\/fr\/wp-content\/uploads\/2025\/09\/7-1-1024x576.jpg\" alt=\"\" class=\"wp-image-8211\" srcset=\"http:\/\/brands.com.tn\/fr\/wp-content\/uploads\/2025\/09\/7-1-1024x576.jpg 1024w, http:\/\/brands.com.tn\/fr\/wp-content\/uploads\/2025\/09\/7-1-300x169.jpg 300w, http:\/\/brands.com.tn\/fr\/wp-content\/uploads\/2025\/09\/7-1-768x432.jpg 768w, http:\/\/brands.com.tn\/fr\/wp-content\/uploads\/2025\/09\/7-1-1536x864.jpg 1536w, http:\/\/brands.com.tn\/fr\/wp-content\/uploads\/2025\/09\/7-1.jpg 1920w\" sizes=\"(max-width: 1024px) 100vw, 1024px\" \/><\/figure>\n\n\n\n<figure class=\"wp-block-image size-large\"><img loading=\"lazy\" width=\"1024\" height=\"576\" data-id=\"8210\"  src=\"https:\/\/brands.com.tn\/fr\/wp-content\/uploads\/2025\/09\/9-1024x576.jpg\" alt=\"\" class=\"wp-image-8210\" srcset=\"http:\/\/brands.com.tn\/fr\/wp-content\/uploads\/2025\/09\/9-1024x576.jpg 1024w, http:\/\/brands.com.tn\/fr\/wp-content\/uploads\/2025\/09\/9-300x169.jpg 300w, http:\/\/brands.com.tn\/fr\/wp-content\/uploads\/2025\/09\/9-768x432.jpg 768w, http:\/\/brands.com.tn\/fr\/wp-content\/uploads\/2025\/09\/9-1536x864.jpg 1536w, http:\/\/brands.com.tn\/fr\/wp-content\/uploads\/2025\/09\/9.jpg 1920w\" sizes=\"(max-width: 1024px) 100vw, 1024px\" \/><\/figure>\n\n\n\n<figure class=\"wp-block-image size-large\"><img loading=\"lazy\" width=\"1024\" height=\"576\" data-id=\"8212\"  src=\"https:\/\/brands.com.tn\/fr\/wp-content\/uploads\/2025\/09\/24-1024x576.jpg\" alt=\"\" class=\"wp-image-8212\" srcset=\"http:\/\/brands.com.tn\/fr\/wp-content\/uploads\/2025\/09\/24-1024x576.jpg 1024w, http:\/\/brands.com.tn\/fr\/wp-content\/uploads\/2025\/09\/24-300x169.jpg 300w, http:\/\/brands.com.tn\/fr\/wp-content\/uploads\/2025\/09\/24-768x432.jpg 768w, http:\/\/brands.com.tn\/fr\/wp-content\/uploads\/2025\/09\/24-1536x864.jpg 1536w, http:\/\/brands.com.tn\/fr\/wp-content\/uploads\/2025\/09\/24.jpg 1920w\" sizes=\"(max-width: 1024px) 100vw, 1024px\" \/><\/figure>\n<\/figure>\n\n\n\n<h4><strong>\u00c9quipements ext\u00e9rieurs et int\u00e9rieurs<\/strong><\/h4>\n\n\n\n<ul><li>Phares avant et arri\u00e8re \u00e0 technologie <strong>LED<\/strong><\/li><li><strong>Jantes 18 pouces<\/strong>, peinture bi-ton et barres de toit<\/li><li>\u00c9cran tactile <strong>7 pouces<\/strong> avec compatibilit\u00e9 <strong>Android Auto et Apple CarPlay<\/strong><\/li><li>Si\u00e8ges confort avec <strong>soutien lombaire<\/strong> et r\u00e9glage \u00e9lectrique pour le conducteur<\/li><li>Ambiance int\u00e9rieure rehauss\u00e9e par un \u00e9clairage <strong>LED<\/strong><\/li><\/ul>\n\n\n\n<h4><strong>Confort et praticit\u00e9<\/strong><\/h4>\n\n\n\n<p>Le Grandland dispose de la <strong>climatisation automatique, frein de stationnement \u00e9lectrique, vitres \u00e9lectriques avant\/arri\u00e8re<\/strong>, ainsi qu\u2019un volant sport multifonctions en cuir r\u00e9glable en hauteur et en profondeur.<\/p>\n\n\n\n<p> Le nouvel <strong>Opel Grandland<\/strong> repr\u00e9sente un choix id\u00e9al pour les amateurs de SUV recherchant la fiabilit\u00e9 allemande avec un prix comp\u00e9titif adapt\u00e9 au march\u00e9 tunisien.<\/p>\n\n\n\n<figure class=\"wp-block-gallery has-nested-images columns-default is-cropped\">\n<figure class=\"wp-block-image size-large\"><img loading=\"lazy\" width=\"1024\" height=\"576\" data-id=\"8215\"  src=\"https:\/\/brands.com.tn\/fr\/wp-content\/uploads\/2025\/09\/20-1024x576.jpg\" alt=\"\" class=\"wp-image-8215\" srcset=\"http:\/\/brands.com.tn\/fr\/wp-content\/uploads\/2025\/09\/20-1024x576.jpg 1024w, http:\/\/brands.com.tn\/fr\/wp-content\/uploads\/2025\/09\/20-300x169.jpg 300w, http:\/\/brands.com.tn\/fr\/wp-content\/uploads\/2025\/09\/20-768x432.jpg 768w, http:\/\/brands.com.tn\/fr\/wp-content\/uploads\/2025\/09\/20-1536x864.jpg 1536w, http:\/\/brands.com.tn\/fr\/wp-content\/uploads\/2025\/09\/20.jpg 1920w\" sizes=\"(max-width: 1024px) 100vw, 1024px\" \/><\/figure>\n<\/figure>\n","protected":false},"excerpt":{"rendered":"<p>Le SUV allemand Opel Grandland 1.6 L Turbo GS Line BVA fait officiellement son entr\u00e9e sur le march\u00e9 tunisien. Il vient renforcer la position de la marque Opel dans le segment tr\u00e8s comp\u00e9titif des SUV. Ce mod\u00e8le se distingue par un design moderne, une fiabilit\u00e9 m\u00e9canique \u00e9lev\u00e9e et une technologie de pointe, avec un prix [&hellip;]<\/p>\n","protected":false},"author":1,"featured_media":8201,"comment_status":"open","ping_status":"open","sticky":false,"template":"","format":"standard","meta":[],"categories":[42],"tags":[],"_links":{"self":[{"href":"http:\/\/brands.com.tn\/fr\/wp-json\/wp\/v2\/posts\/8200"}],"collection":[{"href":"http:\/\/brands.com.tn\/fr\/wp-json\/wp\/v2\/posts"}],"about":[{"href":"http:\/\/brands.com.tn\/fr\/wp-json\/wp\/v2\/types\/post"}],"author":[{"embeddable":true,"href":"http:\/\/brands.com.tn\/fr\/wp-json\/wp\/v2\/users\/1"}],"replies":[{"embeddable":true,"href":"http:\/\/brands.com.tn\/fr\/wp-json\/wp\/v2\/comments?post=8200"}],"version-history":[{"count":1,"href":"http:\/\/brands.com.tn\/fr\/wp-json\/wp\/v2\/posts\/8200\/revisions"}],"predecessor-version":[{"id":8216,"href":"http:\/\/brands.com.tn\/fr\/wp-json\/wp\/v2\/posts\/8200\/revisions\/8216"}],"wp:featuredmedia":[{"embeddable":true,"href":"http:\/\/brands.com.tn\/fr\/wp-json\/wp\/v2\/media\/8201"}],"wp:attachment":[{"href":"http:\/\/brands.com.tn\/fr\/wp-json\/wp\/v2\/media?parent=8200"}],"wp:term":[{"taxonomy":"category","embeddable":true,"href":"http:\/\/brands.com.tn\/fr\/wp-json\/wp\/v2\/categories?post=8200"},{"taxonomy":"post_tag","embeddable":true,"href":"http:\/\/brands.com.tn\/fr\/wp-json\/wp\/v2\/tags?post=8200"}],"curies":[{"name":"wp","href":"https:\/\/api.w.org\/{rel}","templated":true}]}}